{"id":931,"date":"2020-03-11T17:12:00","date_gmt":"2020-03-11T17:12:00","guid":{"rendered":"https:\/\/smallplaces.org\/blog\/931\/"},"modified":"2026-02-18T11:29:03","modified_gmt":"2026-02-18T17:29:03","slug":"2020-3-11-notes-from-the-field-winter-csa-2020-week-10-bcp4m-zld88-2","status":"publish","type":"post","link":"https:\/\/smallplaces.org\/es\/blog\/931\/","title":{"rendered":"Winter CSA 2020 &#8211; Week 10"},"content":{"rendered":"<div\n        class=\"image-block-outer-wrapper          layout-caption-below          design-layout-inline          combination-animation-none          individual-animation-none          individual-text-animation-none\"\n        data-test=\"image-block-inline-outer-wrapper\"\n    ><\/p>\n<figure\n            class=\"sqs-block-image-figure              intrinsic\"\n            style=\"max-width:1080px;\"\n        ><\/p>\n<div\n              \n              \n              class=\"image-block-wrapper\"\n              data-animation-role=\"image\"\n              \n  \n\n          ><\/p>\n<div class=\"sqs-image-shape-container-element                                              has-aspect-ratio\" style=\"                position: relative;                                  padding-bottom:56.11111068725586%;                                overflow: hidden;-webkit-mask-image: -webkit-radial-gradient(white, black);              \"\n              ><\/p>\n<p>                  <img data-stretch=\"false\" src=\"https:\/\/images.squarespace-cdn.com\/content\/v1\/5b03230c96e76f07bac36cae\/1585806331860-BJZVLDVN2T0DCVW70IV8\/Week+10.jpg\" data-image=\"https:\/\/images.squarespace-cdn.com\/content\/v1\/5b03230c96e76f07bac36cae\/1585806331860-BJZVLDVN2T0DCVW70IV8\/Week+10.jpg\" data-image-dimensions=\"1080x606\" data-image-focal-point=\"0.5,0.5\" alt=\"Week 10.jpg\" data-load=\"false\" width=\"1080\" height=\"606\" sizes=\"100vw\" style=\"display:block;object-fit: cover; width: 100%; height: 100%; object-position: 50% 50%\" srcset=\"https:\/\/images.squarespace-cdn.com\/content\/v1\/5b03230c96e76f07bac36cae\/1585806331860-BJZVLDVN2T0DCVW70IV8\/Week+10.jpg?format=100w 100w, https:\/\/images.squarespace-cdn.com\/content\/v1\/5b03230c96e76f07bac36cae\/1585806331860-BJZVLDVN2T0DCVW70IV8\/Week+10.jpg?format=300w 300w, https:\/\/images.squarespace-cdn.com\/content\/v1\/5b03230c96e76f07bac36cae\/1585806331860-BJZVLDVN2T0DCVW70IV8\/Week+10.jpg?format=500w 500w, https:\/\/images.squarespace-cdn.com\/content\/v1\/5b03230c96e76f07bac36cae\/1585806331860-BJZVLDVN2T0DCVW70IV8\/Week+10.jpg?format=750w 750w, https:\/\/images.squarespace-cdn.com\/content\/v1\/5b03230c96e76f07bac36cae\/1585806331860-BJZVLDVN2T0DCVW70IV8\/Week+10.jpg?format=1000w 1000w, https:\/\/images.squarespace-cdn.com\/content\/v1\/5b03230c96e76f07bac36cae\/1585806331860-BJZVLDVN2T0DCVW70IV8\/Week+10.jpg?format=1500w 1500w, https:\/\/images.squarespace-cdn.com\/content\/v1\/5b03230c96e76f07bac36cae\/1585806331860-BJZVLDVN2T0DCVW70IV8\/Week+10.jpg?format=2500w 2500w\" loading=\"lazy\" decoding=\"async\" data-loader=\"sqs\"><\/p><\/div>\n<\/p><\/div>\n<\/figure><\/div>\n<div class=\"sqs-html-content\">\n<h2 style=\"white-space:pre-wrap;\">NOTAS DE LOS CAMPOS<\/h2>\n<p class=\"\" style=\"white-space:pre-wrap;\">\u00a1Hola familia Finca!<\/p>\n<p class=\"\" style=\"white-space:pre-wrap;\">\u00a1Creo que lo logramos, todos ustedes! \u00a1Parece que el calorcito finalmente lleg\u00f3 para quedarse!&nbsp;<\/p>\n<p class=\"\" style=\"white-space:pre-wrap;\">Estamos saliendo de un fin de semana lleno de diversi\u00f3n despu\u00e9s de organizar nuestro primer evento Beer and Bands on the Farm el s\u00e1bado. \u00a1Fue una maravilla y un honor recibir a la invitada musical Sara Van Buskirk y experimentar su encantadora voz y palabras con la Comunidad Finca! Me encanta reunirme en la granja con otras personas para disfrutar de un espacio tan especial. Si a\u00fan no ha estado en la granja durante el atardecer, asista a uno de nuestros pr\u00f3ximos eventos nocturnos, ya sea cerveza y bandas, o nuestra cena de primavera en la granja, es realmente algo digno de contemplar. \u00a1Nuestro peque\u00f1o oasis en medio de la ciudad!<\/p>\n<p class=\"\" style=\"white-space:pre-wrap;\">Esta semana en la granja, hemos estado disfrutando much\u00edsimo del calor y, aunque el horario de verano nos quit\u00f3 temporalmente la luz temprana, esperamos con ansias que nuestras ma\u00f1anas de las 6:30 a.m. ya sean brillantes y resplandecientes. Me encanta presenciar de primera mano el cambio de estaciones. Estar al aire libre todos los d\u00edas es una forma segura de mantenerte centrado en lo que aprecias de las diferentes fases de la naturaleza. Habiendo comenzado a trabajar en Finca en agosto, es especialmente emocionante prepararme para las cosechas de primavera (\u00a1estoy muy emocionado por los tomates, todos ustedes!).<\/p>\n<p class=\"\" style=\"white-space:pre-wrap;\">A medida que el clima mejora, venga a pasar el rato con nosotros los mi\u00e9rcoles y s\u00e1bados durante el horario de Farm Stand, o para cualquiera de nuestra programaci\u00f3n de los s\u00e1bados. \u00a1Nos encanta conocerlos a todos y escuchar sobre las diversas formas en que utilizan nuestros productos!<\/p>\n<p class=\"\" style=\"white-space:pre-wrap;\">\u00a1Que tengan una semana maravillosa, amigos!<\/p>\n<p class=\"\" style=\"white-space:pre-wrap;\">Atentamente,<\/p>\n<p class=\"\" style=\"white-space:pre-wrap;\">granjero jess<\/p>\n<p class=\"\" style=\"white-space:pre-wrap;\">&nbsp;<\/p>\n<h3 style=\"white-space:pre-wrap;\">\u00bfQU\u00c9 HAY EN EL COMPARTIR?<\/h3>\n<ul data-rte-list=\"default\">\n<li>\n<p class=\"\" style=\"white-space:pre-wrap;\">Remolachas: \u00a1Estas remolachas chioggia (con rayas dulces) son dulces y deliciosas! Las verduras tienen un sabor parecido a las acelgas.<\/p>\n<\/li>\n<li>\n<p class=\"\" style=\"white-space:pre-wrap;\">Cebolla agrupada: el sabor fresco de estas cebollas es dif\u00edcil de superar.<\/p>\n<\/li>\n<li>\n<p class=\"\" style=\"white-space:pre-wrap;\">Acelgas: Acelgas incre\u00edblemente vibrantes: cocine primero los tallos y luego las hojas.<\/p>\n<\/li>\n<li>\n<p class=\"\" style=\"white-space:pre-wrap;\">Perejil: Un delicioso perejil de hoja plana.<\/p>\n<\/li>\n<li>\n<p class=\"\" style=\"white-space:pre-wrap;\">Pomelo: \u00a1Los c\u00edtricos de temporada se cultivan aqu\u00ed en el East End!<\/p>\n<\/li>\n<li>\n<p class=\"\" style=\"white-space:pre-wrap;\">Lechuga: Esta lechuga romana es bastante delicada y crujiente.<\/p>\n<\/li>\n<\/ul>\n<\/div>","protected":false},"excerpt":{"rendered":"<p class=\"\">Estamos saliendo de un fin de semana lleno de diversi\u00f3n despu\u00e9s de organizar nuestro primer evento Beer and Bands on the Farm el s\u00e1bado. \u00a1Fue una maravilla y un honor recibir a la invitada musical Sara Van Buskirk y experimentar su encantadora voz y palabras con la Comunidad Finca! Me encanta reunirme en la granja con otras personas para disfrutar de un espacio tan especial. Si a\u00fan no ha estado en la granja durante el atardecer, asista a uno de nuestros pr\u00f3ximos eventos nocturnos, ya sea cerveza y bandas, o nuestra cena de primavera en la granja, es realmente algo digno de contemplar. \u00a1Nuestro peque\u00f1o oasis en medio de la ciudad!<\/p>","protected":false},"author":1,"featured_media":932,"comment_status":"closed","ping_status":"open","sticky":false,"template":"","format":"standard","meta":{"_et_pb_use_builder":"","_et_pb_old_content":"","_et_gb_content_width":"","_monsterinsights_skip_tracking":false,"_monsterinsights_sitenote_active":false,"_monsterinsights_sitenote_note":"","_monsterinsights_sitenote_category":0,"_jetpack_memberships_contains_paid_content":false,"footnotes":""},"categories":[71],"tags":[66,69,74,73],"class_list":["post-931","post","type-post","status-publish","format-standard","has-post-thumbnail","hentry","category-notes-from-the-field","tag-csa","tag-notes-from-the-fields","tag-winter","tag-winter-csa"],"yoast_head":"<!-- This site is optimized with the Yoast SEO plugin v27.5 - https:\/\/yoast.com\/product\/yoast-seo-wordpress\/ -->\n<title>Winter CSA 2020 - Week 10 - Small Places<\/title>\n<meta name=\"robots\" content=\"index, follow, max-snippet:-1, max-image-preview:large, max-video-preview:-1\" \/>\n<link rel=\"canonical\" href=\"https:\/\/smallplaces.org\/es\/blog\/931\/\" \/>\n<meta property=\"og:locale\" content=\"es_MX\" \/>\n<meta property=\"og:type\" content=\"article\" \/>\n<meta property=\"og:title\" content=\"Winter CSA 2020 - Week 10 - Small Places\" \/>\n<meta property=\"og:description\" content=\"We are coming off of a fun-filled weekend after hosting our first Beer and Bands on the Farm event on Saturday. It was a blast and an honor to host musical guest Sara Van Buskirk and experience her enchanting voice and words with the Finca Community! I love so much to gather on the farm with others to enjoy such a special space. If you have yet to be on the farm during sunset, please come out to one of our upcoming evening events, whether Beer and Bands, or our Spring Farm Dinner, it is truly something to behold. Our little oasis in the middle of the city!\" \/>\n<meta property=\"og:url\" content=\"https:\/\/smallplaces.org\/es\/blog\/931\/\" \/>\n<meta property=\"og:site_name\" content=\"Small Places\" \/>\n<meta property=\"article:published_time\" content=\"2020-03-11T17:12:00+00:00\" \/>\n<meta property=\"article:modified_time\" content=\"2026-02-18T17:29:03+00:00\" \/>\n<meta property=\"og:image\" content=\"https:\/\/smallplaces.org\/wp-content\/uploads\/2020\/03\/Week2B10.jpg\" \/>\n\t<meta property=\"og:image:width\" content=\"807\" \/>\n\t<meta property=\"og:image:height\" content=\"605\" \/>\n\t<meta property=\"og:image:type\" content=\"image\/jpeg\" \/>\n<meta name=\"author\" content=\"Small Places Staff\" \/>\n<meta name=\"twitter:card\" content=\"summary_large_image\" \/>\n<meta name=\"twitter:label1\" content=\"Escrito por\" \/>\n\t<meta name=\"twitter:data1\" content=\"Small Places Staff\" \/>\n\t<meta name=\"twitter:label2\" content=\"Tiempo de lectura\" \/>\n\t<meta name=\"twitter:data2\" content=\"2 minutos\" \/>\n<script type=\"application\/ld+json\" class=\"yoast-schema-graph\">{\"@context\":\"https:\\\/\\\/schema.org\",\"@graph\":[{\"@type\":\"Article\",\"@id\":\"https:\\\/\\\/smallplaces.org\\\/blog\\\/931\\\/#article\",\"isPartOf\":{\"@id\":\"https:\\\/\\\/smallplaces.org\\\/blog\\\/931\\\/\"},\"author\":{\"name\":\"Small Places Staff\",\"@id\":\"https:\\\/\\\/smallplaces.org\\\/#\\\/schema\\\/person\\\/9f39585b577481769ec48734a302effc\"},\"headline\":\"Winter CSA 2020 &#8211; Week 10\",\"datePublished\":\"2020-03-11T17:12:00+00:00\",\"dateModified\":\"2026-02-18T17:29:03+00:00\",\"mainEntityOfPage\":{\"@id\":\"https:\\\/\\\/smallplaces.org\\\/blog\\\/931\\\/\"},\"wordCount\":347,\"publisher\":{\"@id\":\"https:\\\/\\\/smallplaces.org\\\/#organization\"},\"image\":{\"@id\":\"https:\\\/\\\/smallplaces.org\\\/blog\\\/931\\\/#primaryimage\"},\"thumbnailUrl\":\"https:\\\/\\\/smallplaces.org\\\/wp-content\\\/uploads\\\/2020\\\/03\\\/Week2B10.jpg\",\"keywords\":[\"CSA\",\"Notes from the Fields\",\"Winter\",\"Winter CSA\"],\"articleSection\":[\"Notes from the Field\"],\"inLanguage\":\"es\"},{\"@type\":\"WebPage\",\"@id\":\"https:\\\/\\\/smallplaces.org\\\/blog\\\/931\\\/\",\"url\":\"https:\\\/\\\/smallplaces.org\\\/blog\\\/931\\\/\",\"name\":\"Winter CSA 2020 - Week 10 - Small Places\",\"isPartOf\":{\"@id\":\"https:\\\/\\\/smallplaces.org\\\/#website\"},\"primaryImageOfPage\":{\"@id\":\"https:\\\/\\\/smallplaces.org\\\/blog\\\/931\\\/#primaryimage\"},\"image\":{\"@id\":\"https:\\\/\\\/smallplaces.org\\\/blog\\\/931\\\/#primaryimage\"},\"thumbnailUrl\":\"https:\\\/\\\/smallplaces.org\\\/wp-content\\\/uploads\\\/2020\\\/03\\\/Week2B10.jpg\",\"datePublished\":\"2020-03-11T17:12:00+00:00\",\"dateModified\":\"2026-02-18T17:29:03+00:00\",\"breadcrumb\":{\"@id\":\"https:\\\/\\\/smallplaces.org\\\/blog\\\/931\\\/#breadcrumb\"},\"inLanguage\":\"es\",\"potentialAction\":[{\"@type\":\"ReadAction\",\"target\":[\"https:\\\/\\\/smallplaces.org\\\/blog\\\/931\\\/\"]}]},{\"@type\":\"ImageObject\",\"inLanguage\":\"es\",\"@id\":\"https:\\\/\\\/smallplaces.org\\\/blog\\\/931\\\/#primaryimage\",\"url\":\"https:\\\/\\\/smallplaces.org\\\/wp-content\\\/uploads\\\/2020\\\/03\\\/Week2B10.jpg\",\"contentUrl\":\"https:\\\/\\\/smallplaces.org\\\/wp-content\\\/uploads\\\/2020\\\/03\\\/Week2B10.jpg\",\"width\":807,\"height\":605,\"caption\":\"exc-5e857b75179bb450f8662553\"},{\"@type\":\"BreadcrumbList\",\"@id\":\"https:\\\/\\\/smallplaces.org\\\/blog\\\/931\\\/#breadcrumb\",\"itemListElement\":[{\"@type\":\"ListItem\",\"position\":1,\"name\":\"Home\",\"item\":\"https:\\\/\\\/smallplaces.org\\\/\"},{\"@type\":\"ListItem\",\"position\":2,\"name\":\"Winter CSA 2020 &#8211; Week 10\"}]},{\"@type\":\"WebSite\",\"@id\":\"https:\\\/\\\/smallplaces.org\\\/#website\",\"url\":\"https:\\\/\\\/smallplaces.org\\\/\",\"name\":\"Small Places\",\"description\":\"Small places matter.\",\"publisher\":{\"@id\":\"https:\\\/\\\/smallplaces.org\\\/#organization\"},\"potentialAction\":[{\"@type\":\"SearchAction\",\"target\":{\"@type\":\"EntryPoint\",\"urlTemplate\":\"https:\\\/\\\/smallplaces.org\\\/?s={search_term_string}\"},\"query-input\":{\"@type\":\"PropertyValueSpecification\",\"valueRequired\":true,\"valueName\":\"search_term_string\"}}],\"inLanguage\":\"es\"},{\"@type\":\"Organization\",\"@id\":\"https:\\\/\\\/smallplaces.org\\\/#organization\",\"name\":\"Small Places\",\"url\":\"https:\\\/\\\/smallplaces.org\\\/\",\"logo\":{\"@type\":\"ImageObject\",\"inLanguage\":\"es\",\"@id\":\"https:\\\/\\\/smallplaces.org\\\/#\\\/schema\\\/logo\\\/image\\\/\",\"url\":\"https:\\\/\\\/smallplaces.wpengine.com\\\/wp-content\\\/uploads\\\/2022\\\/07\\\/Logo-RefreshMockups-Horizontal.png\",\"contentUrl\":\"https:\\\/\\\/smallplaces.wpengine.com\\\/wp-content\\\/uploads\\\/2022\\\/07\\\/Logo-RefreshMockups-Horizontal.png\",\"width\":594,\"height\":224,\"caption\":\"Small Places\"},\"image\":{\"@id\":\"https:\\\/\\\/smallplaces.org\\\/#\\\/schema\\\/logo\\\/image\\\/\"}},{\"@type\":\"Person\",\"@id\":\"https:\\\/\\\/smallplaces.org\\\/#\\\/schema\\\/person\\\/9f39585b577481769ec48734a302effc\",\"name\":\"Small Places Staff\",\"image\":{\"@type\":\"ImageObject\",\"inLanguage\":\"es\",\"@id\":\"https:\\\/\\\/secure.gravatar.com\\\/avatar\\\/eec16c97558ff629a25092475682934fe9bced1766bec32de1fe50d710d3049e?s=96&d=mm&r=g\",\"url\":\"https:\\\/\\\/secure.gravatar.com\\\/avatar\\\/eec16c97558ff629a25092475682934fe9bced1766bec32de1fe50d710d3049e?s=96&d=mm&r=g\",\"contentUrl\":\"https:\\\/\\\/secure.gravatar.com\\\/avatar\\\/eec16c97558ff629a25092475682934fe9bced1766bec32de1fe50d710d3049e?s=96&d=mm&r=g\",\"caption\":\"Small Places Staff\"},\"sameAs\":[\"https:\\\/\\\/smallplaces.wpengine.com\"],\"url\":\"https:\\\/\\\/smallplaces.org\\\/es\\\/blog\\\/author\\\/smallplaces\\\/\"}]}<\/script>\n<!-- \/ Yoast SEO plugin. -->","yoast_head_json":{"title":"Winter CSA 2020 - Week 10 - Small Places","robots":{"index":"index","follow":"follow","max-snippet":"max-snippet:-1","max-image-preview":"max-image-preview:large","max-video-preview":"max-video-preview:-1"},"canonical":"https:\/\/smallplaces.org\/es\/blog\/931\/","og_locale":"es_MX","og_type":"article","og_title":"Winter CSA 2020 - Week 10 - Small Places","og_description":"We are coming off of a fun-filled weekend after hosting our first Beer and Bands on the Farm event on Saturday. It was a blast and an honor to host musical guest Sara Van Buskirk and experience her enchanting voice and words with the Finca Community! I love so much to gather on the farm with others to enjoy such a special space. If you have yet to be on the farm during sunset, please come out to one of our upcoming evening events, whether Beer and Bands, or our Spring Farm Dinner, it is truly something to behold. Our little oasis in the middle of the city!","og_url":"https:\/\/smallplaces.org\/es\/blog\/931\/","og_site_name":"Small Places","article_published_time":"2020-03-11T17:12:00+00:00","article_modified_time":"2026-02-18T17:29:03+00:00","og_image":[{"width":807,"height":605,"url":"https:\/\/smallplaces.org\/wp-content\/uploads\/2020\/03\/Week2B10.jpg","type":"image\/jpeg"}],"author":"Small Places Staff","twitter_card":"summary_large_image","twitter_misc":{"Escrito por":"Small Places Staff","Tiempo de lectura":"2 minutos"},"schema":{"@context":"https:\/\/schema.org","@graph":[{"@type":"Article","@id":"https:\/\/smallplaces.org\/blog\/931\/#article","isPartOf":{"@id":"https:\/\/smallplaces.org\/blog\/931\/"},"author":{"name":"Small Places Staff","@id":"https:\/\/smallplaces.org\/#\/schema\/person\/9f39585b577481769ec48734a302effc"},"headline":"Winter CSA 2020 &#8211; Week 10","datePublished":"2020-03-11T17:12:00+00:00","dateModified":"2026-02-18T17:29:03+00:00","mainEntityOfPage":{"@id":"https:\/\/smallplaces.org\/blog\/931\/"},"wordCount":347,"publisher":{"@id":"https:\/\/smallplaces.org\/#organization"},"image":{"@id":"https:\/\/smallplaces.org\/blog\/931\/#primaryimage"},"thumbnailUrl":"https:\/\/smallplaces.org\/wp-content\/uploads\/2020\/03\/Week2B10.jpg","keywords":["CSA","Notes from the Fields","Winter","Winter CSA"],"articleSection":["Notes from the Field"],"inLanguage":"es"},{"@type":"WebPage","@id":"https:\/\/smallplaces.org\/blog\/931\/","url":"https:\/\/smallplaces.org\/blog\/931\/","name":"Winter CSA 2020 - Week 10 - Small Places","isPartOf":{"@id":"https:\/\/smallplaces.org\/#website"},"primaryImageOfPage":{"@id":"https:\/\/smallplaces.org\/blog\/931\/#primaryimage"},"image":{"@id":"https:\/\/smallplaces.org\/blog\/931\/#primaryimage"},"thumbnailUrl":"https:\/\/smallplaces.org\/wp-content\/uploads\/2020\/03\/Week2B10.jpg","datePublished":"2020-03-11T17:12:00+00:00","dateModified":"2026-02-18T17:29:03+00:00","breadcrumb":{"@id":"https:\/\/smallplaces.org\/blog\/931\/#breadcrumb"},"inLanguage":"es","potentialAction":[{"@type":"ReadAction","target":["https:\/\/smallplaces.org\/blog\/931\/"]}]},{"@type":"ImageObject","inLanguage":"es","@id":"https:\/\/smallplaces.org\/blog\/931\/#primaryimage","url":"https:\/\/smallplaces.org\/wp-content\/uploads\/2020\/03\/Week2B10.jpg","contentUrl":"https:\/\/smallplaces.org\/wp-content\/uploads\/2020\/03\/Week2B10.jpg","width":807,"height":605,"caption":"exc-5e857b75179bb450f8662553"},{"@type":"BreadcrumbList","@id":"https:\/\/smallplaces.org\/blog\/931\/#breadcrumb","itemListElement":[{"@type":"ListItem","position":1,"name":"Home","item":"https:\/\/smallplaces.org\/"},{"@type":"ListItem","position":2,"name":"Winter CSA 2020 &#8211; Week 10"}]},{"@type":"WebSite","@id":"https:\/\/smallplaces.org\/#website","url":"https:\/\/smallplaces.org\/","name":"Lugares peque\u00f1os","description":"Los lugares peque\u00f1os importan.","publisher":{"@id":"https:\/\/smallplaces.org\/#organization"},"potentialAction":[{"@type":"SearchAction","target":{"@type":"EntryPoint","urlTemplate":"https:\/\/smallplaces.org\/?s={search_term_string}"},"query-input":{"@type":"PropertyValueSpecification","valueRequired":true,"valueName":"search_term_string"}}],"inLanguage":"es"},{"@type":"Organization","@id":"https:\/\/smallplaces.org\/#organization","name":"Lugares peque\u00f1os","url":"https:\/\/smallplaces.org\/","logo":{"@type":"ImageObject","inLanguage":"es","@id":"https:\/\/smallplaces.org\/#\/schema\/logo\/image\/","url":"https:\/\/smallplaces.wpengine.com\/wp-content\/uploads\/2022\/07\/Logo-RefreshMockups-Horizontal.png","contentUrl":"https:\/\/smallplaces.wpengine.com\/wp-content\/uploads\/2022\/07\/Logo-RefreshMockups-Horizontal.png","width":594,"height":224,"caption":"Small Places"},"image":{"@id":"https:\/\/smallplaces.org\/#\/schema\/logo\/image\/"}},{"@type":"Person","@id":"https:\/\/smallplaces.org\/#\/schema\/person\/9f39585b577481769ec48734a302effc","name":"Personal de lugares peque\u00f1os","image":{"@type":"ImageObject","inLanguage":"es","@id":"https:\/\/secure.gravatar.com\/avatar\/eec16c97558ff629a25092475682934fe9bced1766bec32de1fe50d710d3049e?s=96&d=mm&r=g","url":"https:\/\/secure.gravatar.com\/avatar\/eec16c97558ff629a25092475682934fe9bced1766bec32de1fe50d710d3049e?s=96&d=mm&r=g","contentUrl":"https:\/\/secure.gravatar.com\/avatar\/eec16c97558ff629a25092475682934fe9bced1766bec32de1fe50d710d3049e?s=96&d=mm&r=g","caption":"Small Places Staff"},"sameAs":["https:\/\/smallplaces.wpengine.com"],"url":"https:\/\/smallplaces.org\/es\/blog\/author\/smallplaces\/"}]}},"featured_image_src":"https:\/\/smallplaces.org\/wp-content\/uploads\/2020\/03\/Week2B10-600x400.jpg","featured_image_src_square":"https:\/\/smallplaces.org\/wp-content\/uploads\/2020\/03\/Week2B10-600x600.jpg","author_info":{"display_name":"Small Places Staff","author_link":"https:\/\/smallplaces.org\/es\/blog\/author\/smallplaces\/"},"jetpack_featured_media_url":"https:\/\/smallplaces.org\/wp-content\/uploads\/2020\/03\/Week2B10.jpg","jetpack_sharing_enabled":true,"_links":{"self":[{"href":"https:\/\/smallplaces.org\/es\/wp-json\/wp\/v2\/posts\/931","targetHints":{"allow":["GET"]}}],"collection":[{"href":"https:\/\/smallplaces.org\/es\/wp-json\/wp\/v2\/posts"}],"about":[{"href":"https:\/\/smallplaces.org\/es\/wp-json\/wp\/v2\/types\/post"}],"author":[{"embeddable":true,"href":"https:\/\/smallplaces.org\/es\/wp-json\/wp\/v2\/users\/1"}],"replies":[{"embeddable":true,"href":"https:\/\/smallplaces.org\/es\/wp-json\/wp\/v2\/comments?post=931"}],"version-history":[{"count":0,"href":"https:\/\/smallplaces.org\/es\/wp-json\/wp\/v2\/posts\/931\/revisions"}],"wp:featuredmedia":[{"embeddable":true,"href":"https:\/\/smallplaces.org\/es\/wp-json\/wp\/v2\/media\/932"}],"wp:attachment":[{"href":"https:\/\/smallplaces.org\/es\/wp-json\/wp\/v2\/media?parent=931"}],"wp:term":[{"taxonomy":"category","embeddable":true,"href":"https:\/\/smallplaces.org\/es\/wp-json\/wp\/v2\/categories?post=931"},{"taxonomy":"post_tag","embeddable":true,"href":"https:\/\/smallplaces.org\/es\/wp-json\/wp\/v2\/tags?post=931"}],"curies":[{"name":"wp","href":"https:\/\/api.w.org\/{rel}","templated":true}]}}