{"id":805,"date":"2019-05-30T15:01:47","date_gmt":"2019-05-30T15:01:47","guid":{"rendered":"https:\/\/smallplaces.org\/blog\/805\/"},"modified":"2019-05-30T15:01:47","modified_gmt":"2019-05-30T15:01:47","slug":"farmers-for-five-years","status":"publish","type":"post","link":"https:\/\/smallplaces.org\/es\/blog\/805\/","title":{"rendered":"Agricultores durante cinco a\u00f1os"},"content":{"rendered":"<div\n        class=\"image-block-outer-wrapper          layout-caption-below          design-layout-inline          combination-animation-none          individual-animation-none          individual-text-animation-none\"\n        data-test=\"image-block-inline-outer-wrapper\"\n    ><\/p>\n<figure\n            class=\"sqs-block-image-figure              intrinsic\"\n            style=\"max-width:2048px;\"\n        ><\/p>\n<div\n              \n              \n              class=\"image-block-wrapper\"\n              data-animation-role=\"image\"\n              \n  \n\n          ><\/p>\n<div class=\"sqs-image-shape-container-element                                              has-aspect-ratio\" style=\"                position: relative;                                  padding-bottom:66.650390625%;                                overflow: hidden;-webkit-mask-image: -webkit-radial-gradient(white, black);              \"\n              ><\/p>\n<p>                  <img data-stretch=\"false\" src=\"https:\/\/images.squarespace-cdn.com\/content\/v1\/5b03230c96e76f07bac36cae\/1559228236394-1KO6I248DUG63LNWM7AO\/FarmerForFiveYears.jpg\" data-image=\"https:\/\/images.squarespace-cdn.com\/content\/v1\/5b03230c96e76f07bac36cae\/1559228236394-1KO6I248DUG63LNWM7AO\/FarmerForFiveYears.jpg\" data-image-dimensions=\"2048x1365\" data-image-focal-point=\"0.5,0.5\" alt=\"FarmerForFiveYears.jpg\" data-load=\"false\" width=\"2048\" height=\"1365\" sizes=\"100vw\" style=\"display:block;object-fit: cover; width: 100%; height: 100%; object-position: 50% 50%\" srcset=\"https:\/\/images.squarespace-cdn.com\/content\/v1\/5b03230c96e76f07bac36cae\/1559228236394-1KO6I248DUG63LNWM7AO\/FarmerForFiveYears.jpg?format=100w 100w, https:\/\/images.squarespace-cdn.com\/content\/v1\/5b03230c96e76f07bac36cae\/1559228236394-1KO6I248DUG63LNWM7AO\/FarmerForFiveYears.jpg?format=300w 300w, https:\/\/images.squarespace-cdn.com\/content\/v1\/5b03230c96e76f07bac36cae\/1559228236394-1KO6I248DUG63LNWM7AO\/FarmerForFiveYears.jpg?format=500w 500w, https:\/\/images.squarespace-cdn.com\/content\/v1\/5b03230c96e76f07bac36cae\/1559228236394-1KO6I248DUG63LNWM7AO\/FarmerForFiveYears.jpg?format=750w 750w, https:\/\/images.squarespace-cdn.com\/content\/v1\/5b03230c96e76f07bac36cae\/1559228236394-1KO6I248DUG63LNWM7AO\/FarmerForFiveYears.jpg?format=1000w 1000w, https:\/\/images.squarespace-cdn.com\/content\/v1\/5b03230c96e76f07bac36cae\/1559228236394-1KO6I248DUG63LNWM7AO\/FarmerForFiveYears.jpg?format=1500w 1500w, https:\/\/images.squarespace-cdn.com\/content\/v1\/5b03230c96e76f07bac36cae\/1559228236394-1KO6I248DUG63LNWM7AO\/FarmerForFiveYears.jpg?format=2500w 2500w\" loading=\"lazy\" decoding=\"async\" data-loader=\"sqs\"><\/p><\/div>\n<\/p><\/div>\n<\/figure><\/div>\n<div class=\"sqs-html-content\">\n<p class=\"\" style=\"white-space:pre-wrap;\">Recuerdo haberme reunido con gente del mundo de la salud y la alimentaci\u00f3n de Houston para decirles que mis hermanos y yo \u00edbamos a iniciar una granja urbana en el 2nd Ward. La mirada que recib\u00eda m\u00e1s a menudo era un r\u00e1pido movimiento de ojos hacia un lado, un ligero apret\u00f3n de labios, cejas levantadas y un &quot;hmmph&quot;. Otros me sonre\u00edan amablemente y dec\u00edan \u201cd\u00e9jame saber c\u00f3mo puedo ayudar\u201d, sabiendo muy bien que nunca estar\u00eda en condiciones de pedirles ayuda. Otros, bien intencionadamente, nos explicaron que \u201cno encontrar\u00e1 una base de clientes que apoye una granja en ese lado de la ciudad\u201d.<\/p>\n<p class=\"\" style=\"white-space:pre-wrap;\">D\u00e9jame ser claro. Esta no es una publicaci\u00f3n de &quot;Te demostr\u00e9 que estabas equivocado&quot;. Tampoco es un art\u00edculo que diga que \u201cestamos realmente orgullosos\u201d. Esta es una publicaci\u00f3n de blog que dice \u201csentimos que apenas estamos comenzando\u201d y \u201capoyos a la comunidad del East End\u201d.<\/p>\n<p class=\"\" style=\"white-space:pre-wrap;\">La semana pasada celebramos cinco a\u00f1os como granja.<\/p>\n<p class=\"\" style=\"white-space:pre-wrap;\">Dan y yo quedamos tan atrapados en el trabajo que hacemos todos los d\u00edas que el otro d\u00eda nos miramos y dijimos: &quot;Creo que esta semana celebramos cinco a\u00f1os&quot;. &quot;S\u00ed, creo que tienes raz\u00f3n&quot;. y luego trat\u00e9 de descubrir qu\u00e9 hacemos al respecto. <\/p>\n<p class=\"\" style=\"white-space:pre-wrap;\">En cierto sentido, hemos dado por sentado que cinco a\u00f1os es un gran hito. Tenemos muchas ambiciones de establecer una granja que estar\u00e1 aqu\u00ed para siempre para servir a nuestra comunidad durante el <span style=\"text-decoration:underline\"><em>a largo plazo<\/em><\/span> que hasta que eso suceda se siente incompleto. A\u00fan queda mucho por hacer. <\/p>\n<p class=\"\" style=\"white-space:pre-wrap;\">Pero en otros aspectos, no lo damos por sentado ni por un minuto. En el frente de nuestras mentes est\u00e1 el conocimiento de que no muchos j\u00f3venes logran hacer el trabajo que los inspira y hay un sentido de gratitud que nos ayuda a superar los momentos dif\u00edciles. Puedo decirles que todos los d\u00edas estamos esforz\u00e1ndonos tanto, si no m\u00e1s, que hace cinco a\u00f1os, sabiendo que lo que hacemos es lamentablemente especial y, en nuestra opini\u00f3n, mucho m\u00e1s necesario (\u00a1y necesitamos m\u00e1s de ello!). Los desaf\u00edos que hemos enfrentado desde que comenzamos (muchos de los cuales no han cambiado: la situaci\u00f3n de nuestra tierra, el acceso al capital, los cambios clim\u00e1ticos, la falta de tutor\u00eda) todav\u00eda nos motivan a seguir adelante. Y los peque\u00f1os \u00e9xitos, las nuevas oportunidades y los amigos que hemos hecho siguen alimentando nuestros deseos de mejorar.<\/p>\n<p class=\"\" style=\"white-space:pre-wrap;\">Amo mucho esta foto. Este es probablemente el momento exacto en el que Dan y yo nos dimos cuenta de que hab\u00eda un poco m\u00e1s de asfalto en esta propiedad de lo que pens\u00e1bamos y qu\u00e9 diablos \u00edbamos a hacer al respecto. <\/p>\n<p class=\"\" style=\"white-space:pre-wrap;\">Para m\u00ed, resume muy bien los \u00faltimos cinco a\u00f1os. Dan y yo analizamos un problema y trabajamos para descubrir c\u00f3mo resolverlo y luego resolverlo de una manera que agregue valor a todo lo dem\u00e1s que queremos hacer. <\/p>\n<p class=\"\" style=\"white-space:pre-wrap;\">Existe este compromiso resiliente que tenemos para innovar y avanzar. Es por eso que decidimos administrar un negocio agr\u00edcola cuando todos nos dijeron que form\u00e1ramos una granja sin fines de lucro. Es por eso que elegimos servir a la comunidad de East End y no solo vender a los nombres m\u00e1s importantes o a los puntos de venta m\u00e1s f\u00e1ciles. Por eso cultivamos astillas de madera descompuesta en lugar de comprar un tractor. Por eso decidimos capacitar a nuevos agricultores en lugar de administrar una granja familiar. Es por eso que organizamos excursiones, clases y cenas en lugar de dormir unas horas m\u00e1s cada semana. Es por eso que despu\u00e9s de cinco a\u00f1os todav\u00eda nos impulsa el mismo compromiso de cultivar de una manera que contin\u00fae cambiando nuestra propia relaci\u00f3n con nuestro lugar, nuestros vecinos y nuestra comida. <\/p>\n<p class=\"\" style=\"white-space:pre-wrap;\">Estamos muy agradecidos por el compromiso de tantas personas en nuestra comunidad. Como peque\u00f1a empresa agr\u00edcola, hemos tenido que depender principalmente de personas y familias para apoyar nuestra granja desde sus inicios y, en ese sentido,. Me pregunto si nuestra granja podr\u00eda haber existido en cualquier otra parte de esta ciudad y haber crecido de la misma manera que lo hemos hecho aqu\u00ed en el 2nd Ward y en el East End. Ha habido tantas temporadas desafiantes y lecciones agr\u00edcolas que hemos ido aprendiendo a lo largo del camino, ver las mismas y nuevas caras saliendo para apoyar la granja es un cr\u00e9dito para esta comunidad.<\/p>\n<p class=\"\" style=\"white-space:pre-wrap;\">Afortunadamente, ahora contamos con un personal agr\u00edcola incre\u00edblemente capaz y comprometido que ayuda a amplificar el impacto que tenemos cada a\u00f1o. Ahora tenemos a\u00fan m\u00e1s miembros de la CSA y simpatizantes agr\u00edcolas que hablan de manera tan valiosa en nuestro nombre sobre la importancia de este trabajo.<\/p>\n<p class=\"\" style=\"white-space:pre-wrap;\">Gracias a todos nuestros miembros de CSA, pasados y presentes, por compartir con nosotros los altibajos de una granja org\u00e1nica urbana en el coraz\u00f3n de Houston, Texas. Para todos aquellos que visitan el stand y hacen correr la voz, cinco a\u00f1os son realmente un testimonio de su respaldo, aliento y amistad.<\/p>\n<\/div>\n<hr \/>\n<div class=\"sqs-html-content\">\n<p class=\"\" style=\"white-space:pre-wrap;\">\u00danase a nosotros para celebrar nuestro quinto aniversario este domingo 2 de junio en nuestra cena emergente en la granja \u201cAbundance\u201d que presenta <strong>Chef Evelyn Garc\u00eda&nbsp;<\/strong>y<strong>&nbsp;Directora del bar Leslie Krockenberger<\/strong>&nbsp;de&nbsp;<a href=\"https:\/\/www.decaturbar.com\/\" target=\"_blank\" rel=\"noopener\"><strong>Decatur Bar y f\u00e1brica emergente<\/strong><\/a>&nbsp;quien crear\u00e1 una comida incorporando todos los productos que tenemos disponibles. Evelyn asar\u00e1: pollo de&nbsp;<a href=\"http:\/\/tejasheritagefarm.com\/\" target=\"_blank\" rel=\"noopener\">Granja patrimonial de Tejas<\/a>, Cerdo de&nbsp;<a href=\"https:\/\/www.whitehurstfarm.com\/\" target=\"_blank\" rel=\"noopener\">Granjas patrimoniales de Whitehurst<\/a>y camarones de&nbsp;<a href=\"http:\/\/www.airlineseafood.net\/about\" target=\"_blank\" rel=\"noopener\">Mariscos de aerol\u00ednea<\/a><a href=\"http:\/\/www.blackhillmeats.com\/\" target=\"_blank\" rel=\"noopener\">.<\/a>&nbsp;Esta parrillada estilo familiar estar\u00e1 acompa\u00f1ada de guarniciones como vegetales de granja: tomates, tomatillos, calabazas, amaranto, albahaca y pepinos suyos. Espero que pueda unirse a nosotros!<\/p>\n<\/div>\n<div\n  class=\"sqs-block-button-container sqs-block-button-container--center\"\n  data-animation-role=\"button\"\n  data-alignment=\"center\"\n  data-button-size=\"medium\"\n  data-button-type=\"primary\"\n><br \/>\n  <a href=\"http:\/\/abundance.fincatresrobles.org\" class=\"sqs-block-button-element--medium sqs-button-element--primary sqs-block-button-element\" target=\"_blank\" rel=\"noopener\"><br \/>\n    Compre boletos para nuestra celebraci\u00f3n del quinto aniversario<br \/>\n  <\/a>\n<\/div>","protected":false},"excerpt":{"rendered":"<p class=\"\" style=\"white-space:pre-wrap;\">Amo mucho esta foto. Este es probablemente el momento exacto en el que Dan y yo nos dimos cuenta de que hab\u00eda un poco m\u00e1s de asfalto en esta propiedad de lo que pens\u00e1bamos y qu\u00e9 diablos \u00edbamos a hacer al respecto. <\/p>\n<p class=\"\" style=\"white-space:pre-wrap;\">Para m\u00ed, resume muy bien los \u00faltimos cinco a\u00f1os. Dan y yo analizamos un problema y trabajamos para descubrir c\u00f3mo resolverlo y luego resolverlo de una manera que agregue valor a todo lo dem\u00e1s que queremos hacer.<\/p>\n<p class=\"\" style=\"white-space:pre-wrap;\">There\u2019s this resilient commitment we have for innovating a way forward.<\/p>","protected":false},"author":1,"featured_media":112,"comment_status":"closed","ping_status":"open","sticky":false,"template":"","format":"standard","meta":{"_et_pb_use_builder":"","_et_pb_old_content":"","_et_gb_content_width":"","_monsterinsights_skip_tracking":false,"_monsterinsights_sitenote_active":false,"_monsterinsights_sitenote_note":"","_monsterinsights_sitenote_category":0,"_jetpack_memberships_contains_paid_content":false,"footnotes":""},"categories":[18],"tags":[42,40,43,39,41],"class_list":["post-805","post","type-post","status-publish","format-standard","has-post-thumbnail","hentry","category-news","tag-anniversary","tag-farmers","tag-founders","tag-reflection","tag-young-farmers"],"yoast_head":"<!-- This site is optimized with the Yoast SEO plugin v27.4 - https:\/\/yoast.com\/product\/yoast-seo-wordpress\/ -->\n<title>Farmers for Five Years - Small Places<\/title>\n<meta name=\"robots\" content=\"index, follow, max-snippet:-1, max-image-preview:large, max-video-preview:-1\" \/>\n<link rel=\"canonical\" href=\"https:\/\/smallplaces.org\/es\/blog\/805\/\" \/>\n<meta property=\"og:locale\" content=\"es_MX\" \/>\n<meta property=\"og:type\" content=\"article\" \/>\n<meta property=\"og:title\" content=\"Farmers for Five Years - Small Places\" \/>\n<meta property=\"og:description\" content=\"I love this photo so much. Here is probably the exact moment when Dan and I realized there was a bit more asphalt on this property than we realized and what the heck were we going to do about it. For me, it sums up the last five years so well. Dan and I looking at a problem and working to figure out how we go about solving it and then solving it in a way that adds value to everything else we want to do.There\u2019s this resilient commitment we have for innovating a way forward.\" \/>\n<meta property=\"og:url\" content=\"https:\/\/smallplaces.org\/es\/blog\/805\/\" \/>\n<meta property=\"og:site_name\" content=\"Small Places\" \/>\n<meta property=\"article:published_time\" content=\"2019-05-30T15:01:47+00:00\" \/>\n<meta property=\"og:image\" content=\"https:\/\/images.squarespace-cdn.com\/content\/v1\/5b03230c96e76f07bac36cae\/1559228236394-1KO6I248DUG63LNWM7AO\/FarmerForFiveYears.jpg\" \/>\n<meta name=\"author\" content=\"Small Places Staff\" \/>\n<meta name=\"twitter:card\" content=\"summary_large_image\" \/>\n<meta name=\"twitter:label1\" content=\"Escrito por\" \/>\n\t<meta name=\"twitter:data1\" content=\"Small Places Staff\" \/>\n\t<meta name=\"twitter:label2\" content=\"Tiempo de lectura\" \/>\n\t<meta name=\"twitter:data2\" content=\"5 minutos\" \/>\n<script type=\"application\/ld+json\" class=\"yoast-schema-graph\">{\"@context\":\"https:\\\/\\\/schema.org\",\"@graph\":[{\"@type\":\"Article\",\"@id\":\"https:\\\/\\\/smallplaces.org\\\/blog\\\/805\\\/#article\",\"isPartOf\":{\"@id\":\"https:\\\/\\\/smallplaces.org\\\/blog\\\/805\\\/\"},\"author\":{\"name\":\"Small Places Staff\",\"@id\":\"https:\\\/\\\/smallplaces.org\\\/#\\\/schema\\\/person\\\/9f39585b577481769ec48734a302effc\"},\"headline\":\"Farmers for Five Years\",\"datePublished\":\"2019-05-30T15:01:47+00:00\",\"mainEntityOfPage\":{\"@id\":\"https:\\\/\\\/smallplaces.org\\\/blog\\\/805\\\/\"},\"wordCount\":963,\"publisher\":{\"@id\":\"https:\\\/\\\/smallplaces.org\\\/#organization\"},\"image\":{\"@id\":\"https:\\\/\\\/smallplaces.org\\\/blog\\\/805\\\/#primaryimage\"},\"thumbnailUrl\":\"https:\\\/\\\/smallplaces.org\\\/wp-content\\\/uploads\\\/2019\\\/05\\\/FarmerForFiveYears.jpg\",\"keywords\":[\"anniversary\",\"farmers\",\"founders\",\"reflection\",\"young farmers\"],\"articleSection\":[\"News\"],\"inLanguage\":\"es\"},{\"@type\":\"WebPage\",\"@id\":\"https:\\\/\\\/smallplaces.org\\\/blog\\\/805\\\/\",\"url\":\"https:\\\/\\\/smallplaces.org\\\/blog\\\/805\\\/\",\"name\":\"Farmers for Five Years - Small Places\",\"isPartOf\":{\"@id\":\"https:\\\/\\\/smallplaces.org\\\/#website\"},\"primaryImageOfPage\":{\"@id\":\"https:\\\/\\\/smallplaces.org\\\/blog\\\/805\\\/#primaryimage\"},\"image\":{\"@id\":\"https:\\\/\\\/smallplaces.org\\\/blog\\\/805\\\/#primaryimage\"},\"thumbnailUrl\":\"https:\\\/\\\/smallplaces.org\\\/wp-content\\\/uploads\\\/2019\\\/05\\\/FarmerForFiveYears.jpg\",\"datePublished\":\"2019-05-30T15:01:47+00:00\",\"breadcrumb\":{\"@id\":\"https:\\\/\\\/smallplaces.org\\\/blog\\\/805\\\/#breadcrumb\"},\"inLanguage\":\"es\",\"potentialAction\":[{\"@type\":\"ReadAction\",\"target\":[\"https:\\\/\\\/smallplaces.org\\\/blog\\\/805\\\/\"]}]},{\"@type\":\"ImageObject\",\"inLanguage\":\"es\",\"@id\":\"https:\\\/\\\/smallplaces.org\\\/blog\\\/805\\\/#primaryimage\",\"url\":\"https:\\\/\\\/smallplaces.org\\\/wp-content\\\/uploads\\\/2019\\\/05\\\/FarmerForFiveYears.jpg\",\"contentUrl\":\"https:\\\/\\\/smallplaces.org\\\/wp-content\\\/uploads\\\/2019\\\/05\\\/FarmerForFiveYears.jpg\",\"width\":2048,\"height\":1365,\"caption\":\"exc-5cefed8f30f0ff0001385a3b\"},{\"@type\":\"BreadcrumbList\",\"@id\":\"https:\\\/\\\/smallplaces.org\\\/blog\\\/805\\\/#breadcrumb\",\"itemListElement\":[{\"@type\":\"ListItem\",\"position\":1,\"name\":\"Home\",\"item\":\"https:\\\/\\\/smallplaces.org\\\/\"},{\"@type\":\"ListItem\",\"position\":2,\"name\":\"Farmers for Five Years\"}]},{\"@type\":\"WebSite\",\"@id\":\"https:\\\/\\\/smallplaces.org\\\/#website\",\"url\":\"https:\\\/\\\/smallplaces.org\\\/\",\"name\":\"Small Places\",\"description\":\"Small places matter.\",\"publisher\":{\"@id\":\"https:\\\/\\\/smallplaces.org\\\/#organization\"},\"potentialAction\":[{\"@type\":\"SearchAction\",\"target\":{\"@type\":\"EntryPoint\",\"urlTemplate\":\"https:\\\/\\\/smallplaces.org\\\/?s={search_term_string}\"},\"query-input\":{\"@type\":\"PropertyValueSpecification\",\"valueRequired\":true,\"valueName\":\"search_term_string\"}}],\"inLanguage\":\"es\"},{\"@type\":\"Organization\",\"@id\":\"https:\\\/\\\/smallplaces.org\\\/#organization\",\"name\":\"Small Places\",\"url\":\"https:\\\/\\\/smallplaces.org\\\/\",\"logo\":{\"@type\":\"ImageObject\",\"inLanguage\":\"es\",\"@id\":\"https:\\\/\\\/smallplaces.org\\\/#\\\/schema\\\/logo\\\/image\\\/\",\"url\":\"https:\\\/\\\/smallplaces.wpengine.com\\\/wp-content\\\/uploads\\\/2022\\\/07\\\/Logo-RefreshMockups-Horizontal.png\",\"contentUrl\":\"https:\\\/\\\/smallplaces.wpengine.com\\\/wp-content\\\/uploads\\\/2022\\\/07\\\/Logo-RefreshMockups-Horizontal.png\",\"width\":594,\"height\":224,\"caption\":\"Small Places\"},\"image\":{\"@id\":\"https:\\\/\\\/smallplaces.org\\\/#\\\/schema\\\/logo\\\/image\\\/\"}},{\"@type\":\"Person\",\"@id\":\"https:\\\/\\\/smallplaces.org\\\/#\\\/schema\\\/person\\\/9f39585b577481769ec48734a302effc\",\"name\":\"Small Places Staff\",\"image\":{\"@type\":\"ImageObject\",\"inLanguage\":\"es\",\"@id\":\"https:\\\/\\\/secure.gravatar.com\\\/avatar\\\/eec16c97558ff629a25092475682934fe9bced1766bec32de1fe50d710d3049e?s=96&d=mm&r=g\",\"url\":\"https:\\\/\\\/secure.gravatar.com\\\/avatar\\\/eec16c97558ff629a25092475682934fe9bced1766bec32de1fe50d710d3049e?s=96&d=mm&r=g\",\"contentUrl\":\"https:\\\/\\\/secure.gravatar.com\\\/avatar\\\/eec16c97558ff629a25092475682934fe9bced1766bec32de1fe50d710d3049e?s=96&d=mm&r=g\",\"caption\":\"Small Places Staff\"},\"sameAs\":[\"https:\\\/\\\/smallplaces.wpengine.com\"],\"url\":\"https:\\\/\\\/smallplaces.org\\\/es\\\/blog\\\/author\\\/smallplaces\\\/\"}]}<\/script>\n<!-- \/ Yoast SEO plugin. -->","yoast_head_json":{"title":"Farmers for Five Years - Small Places","robots":{"index":"index","follow":"follow","max-snippet":"max-snippet:-1","max-image-preview":"max-image-preview:large","max-video-preview":"max-video-preview:-1"},"canonical":"https:\/\/smallplaces.org\/es\/blog\/805\/","og_locale":"es_MX","og_type":"article","og_title":"Farmers for Five Years - Small Places","og_description":"I love this photo so much. Here is probably the exact moment when Dan and I realized there was a bit more asphalt on this property than we realized and what the heck were we going to do about it. For me, it sums up the last five years so well. Dan and I looking at a problem and working to figure out how we go about solving it and then solving it in a way that adds value to everything else we want to do.There\u2019s this resilient commitment we have for innovating a way forward.","og_url":"https:\/\/smallplaces.org\/es\/blog\/805\/","og_site_name":"Small Places","article_published_time":"2019-05-30T15:01:47+00:00","og_image":[{"url":"https:\/\/images.squarespace-cdn.com\/content\/v1\/5b03230c96e76f07bac36cae\/1559228236394-1KO6I248DUG63LNWM7AO\/FarmerForFiveYears.jpg","type":"","width":"","height":""}],"author":"Small Places Staff","twitter_card":"summary_large_image","twitter_misc":{"Escrito por":"Small Places Staff","Tiempo de lectura":"5 minutos"},"schema":{"@context":"https:\/\/schema.org","@graph":[{"@type":"Article","@id":"https:\/\/smallplaces.org\/blog\/805\/#article","isPartOf":{"@id":"https:\/\/smallplaces.org\/blog\/805\/"},"author":{"name":"Small Places Staff","@id":"https:\/\/smallplaces.org\/#\/schema\/person\/9f39585b577481769ec48734a302effc"},"headline":"Farmers for Five Years","datePublished":"2019-05-30T15:01:47+00:00","mainEntityOfPage":{"@id":"https:\/\/smallplaces.org\/blog\/805\/"},"wordCount":963,"publisher":{"@id":"https:\/\/smallplaces.org\/#organization"},"image":{"@id":"https:\/\/smallplaces.org\/blog\/805\/#primaryimage"},"thumbnailUrl":"https:\/\/smallplaces.org\/wp-content\/uploads\/2019\/05\/FarmerForFiveYears.jpg","keywords":["anniversary","farmers","founders","reflection","young farmers"],"articleSection":["News"],"inLanguage":"es"},{"@type":"WebPage","@id":"https:\/\/smallplaces.org\/blog\/805\/","url":"https:\/\/smallplaces.org\/blog\/805\/","name":"Farmers for Five Years - Small Places","isPartOf":{"@id":"https:\/\/smallplaces.org\/#website"},"primaryImageOfPage":{"@id":"https:\/\/smallplaces.org\/blog\/805\/#primaryimage"},"image":{"@id":"https:\/\/smallplaces.org\/blog\/805\/#primaryimage"},"thumbnailUrl":"https:\/\/smallplaces.org\/wp-content\/uploads\/2019\/05\/FarmerForFiveYears.jpg","datePublished":"2019-05-30T15:01:47+00:00","breadcrumb":{"@id":"https:\/\/smallplaces.org\/blog\/805\/#breadcrumb"},"inLanguage":"es","potentialAction":[{"@type":"ReadAction","target":["https:\/\/smallplaces.org\/blog\/805\/"]}]},{"@type":"ImageObject","inLanguage":"es","@id":"https:\/\/smallplaces.org\/blog\/805\/#primaryimage","url":"https:\/\/smallplaces.org\/wp-content\/uploads\/2019\/05\/FarmerForFiveYears.jpg","contentUrl":"https:\/\/smallplaces.org\/wp-content\/uploads\/2019\/05\/FarmerForFiveYears.jpg","width":2048,"height":1365,"caption":"exc-5cefed8f30f0ff0001385a3b"},{"@type":"BreadcrumbList","@id":"https:\/\/smallplaces.org\/blog\/805\/#breadcrumb","itemListElement":[{"@type":"ListItem","position":1,"name":"Home","item":"https:\/\/smallplaces.org\/"},{"@type":"ListItem","position":2,"name":"Farmers for Five Years"}]},{"@type":"WebSite","@id":"https:\/\/smallplaces.org\/#website","url":"https:\/\/smallplaces.org\/","name":"Lugares peque\u00f1os","description":"Los lugares peque\u00f1os importan.","publisher":{"@id":"https:\/\/smallplaces.org\/#organization"},"potentialAction":[{"@type":"SearchAction","target":{"@type":"EntryPoint","urlTemplate":"https:\/\/smallplaces.org\/?s={search_term_string}"},"query-input":{"@type":"PropertyValueSpecification","valueRequired":true,"valueName":"search_term_string"}}],"inLanguage":"es"},{"@type":"Organization","@id":"https:\/\/smallplaces.org\/#organization","name":"Lugares peque\u00f1os","url":"https:\/\/smallplaces.org\/","logo":{"@type":"ImageObject","inLanguage":"es","@id":"https:\/\/smallplaces.org\/#\/schema\/logo\/image\/","url":"https:\/\/smallplaces.wpengine.com\/wp-content\/uploads\/2022\/07\/Logo-RefreshMockups-Horizontal.png","contentUrl":"https:\/\/smallplaces.wpengine.com\/wp-content\/uploads\/2022\/07\/Logo-RefreshMockups-Horizontal.png","width":594,"height":224,"caption":"Small Places"},"image":{"@id":"https:\/\/smallplaces.org\/#\/schema\/logo\/image\/"}},{"@type":"Person","@id":"https:\/\/smallplaces.org\/#\/schema\/person\/9f39585b577481769ec48734a302effc","name":"Personal de lugares peque\u00f1os","image":{"@type":"ImageObject","inLanguage":"es","@id":"https:\/\/secure.gravatar.com\/avatar\/eec16c97558ff629a25092475682934fe9bced1766bec32de1fe50d710d3049e?s=96&d=mm&r=g","url":"https:\/\/secure.gravatar.com\/avatar\/eec16c97558ff629a25092475682934fe9bced1766bec32de1fe50d710d3049e?s=96&d=mm&r=g","contentUrl":"https:\/\/secure.gravatar.com\/avatar\/eec16c97558ff629a25092475682934fe9bced1766bec32de1fe50d710d3049e?s=96&d=mm&r=g","caption":"Small Places Staff"},"sameAs":["https:\/\/smallplaces.wpengine.com"],"url":"https:\/\/smallplaces.org\/es\/blog\/author\/smallplaces\/"}]}},"featured_image_src":"https:\/\/smallplaces.org\/wp-content\/uploads\/2019\/05\/FarmerForFiveYears-600x400.jpg","featured_image_src_square":"https:\/\/smallplaces.org\/wp-content\/uploads\/2019\/05\/FarmerForFiveYears-600x600.jpg","author_info":{"display_name":"Small Places Staff","author_link":"https:\/\/smallplaces.org\/es\/blog\/author\/smallplaces\/"},"jetpack_featured_media_url":"https:\/\/smallplaces.org\/wp-content\/uploads\/2019\/05\/FarmerForFiveYears.jpg","jetpack_sharing_enabled":true,"_links":{"self":[{"href":"https:\/\/smallplaces.org\/es\/wp-json\/wp\/v2\/posts\/805","targetHints":{"allow":["GET"]}}],"collection":[{"href":"https:\/\/smallplaces.org\/es\/wp-json\/wp\/v2\/posts"}],"about":[{"href":"https:\/\/smallplaces.org\/es\/wp-json\/wp\/v2\/types\/post"}],"author":[{"embeddable":true,"href":"https:\/\/smallplaces.org\/es\/wp-json\/wp\/v2\/users\/1"}],"replies":[{"embeddable":true,"href":"https:\/\/smallplaces.org\/es\/wp-json\/wp\/v2\/comments?post=805"}],"version-history":[{"count":0,"href":"https:\/\/smallplaces.org\/es\/wp-json\/wp\/v2\/posts\/805\/revisions"}],"wp:featuredmedia":[{"embeddable":true,"href":"https:\/\/smallplaces.org\/es\/wp-json\/wp\/v2\/media\/112"}],"wp:attachment":[{"href":"https:\/\/smallplaces.org\/es\/wp-json\/wp\/v2\/media?parent=805"}],"wp:term":[{"taxonomy":"category","embeddable":true,"href":"https:\/\/smallplaces.org\/es\/wp-json\/wp\/v2\/categories?post=805"},{"taxonomy":"post_tag","embeddable":true,"href":"https:\/\/smallplaces.org\/es\/wp-json\/wp\/v2\/tags?post=805"}],"curies":[{"name":"wp","href":"https:\/\/api.w.org\/{rel}","templated":true}]}}