{"id":253,"date":"2020-04-17T16:14:03","date_gmt":"2020-04-17T16:14:03","guid":{"rendered":"https:\/\/smallplaces.org\/blog\/253\/"},"modified":"2020-04-17T16:14:03","modified_gmt":"2020-04-17T16:14:03","slug":"2020-4-17-what-does-this-crisis-mean-to-me","status":"publish","type":"post","link":"https:\/\/smallplaces.org\/es\/blog\/253\/","title":{"rendered":"\u00bfQu\u00e9 significa esta crisis para m\u00ed?"},"content":{"rendered":"<div\n        class=\"image-block-outer-wrapper          layout-caption-hidden          design-layout-inline          combination-animation-none          individual-animation-none          individual-text-animation-none\"\n        data-test=\"image-block-inline-outer-wrapper\"\n    ><\/p>\n<figure\n            class=\"sqs-block-image-figure              intrinsic\"\n            style=\"max-width:2000px;\"\n        ><\/p>\n<div\n              \n              \n              class=\"image-block-wrapper\"\n              data-animation-role=\"image\"\n              \n  \n\n          ><\/p>\n<div class=\"sqs-image-shape-container-element                                              has-aspect-ratio\" style=\"                position: relative;                                  padding-bottom:66.64999389648438%;                                overflow: hidden;-webkit-mask-image: -webkit-radial-gradient(white, black);              \"\n              ><\/p>\n<p>                  <img data-stretch=\"false\" src=\"https:\/\/images.squarespace-cdn.com\/content\/v1\/5b03230c96e76f07bac36cae\/1587139745969-7VRJKC2O3AFCQJKT85LU\/What-COVID-means-to-me.jpg\" data-image=\"https:\/\/images.squarespace-cdn.com\/content\/v1\/5b03230c96e76f07bac36cae\/1587139745969-7VRJKC2O3AFCQJKT85LU\/What-COVID-means-to-me.jpg\" data-image-dimensions=\"2000x1333\" data-image-focal-point=\"0.5,0.5\" alt=\"What-COVID-means-to-me.jpg\" data-load=\"false\" width=\"2000\" height=\"1333\" sizes=\"100vw\" style=\"display:block;object-fit: cover; width: 100%; height: 100%; object-position: 50% 50%\" srcset=\"https:\/\/images.squarespace-cdn.com\/content\/v1\/5b03230c96e76f07bac36cae\/1587139745969-7VRJKC2O3AFCQJKT85LU\/What-COVID-means-to-me.jpg?format=100w 100w, https:\/\/images.squarespace-cdn.com\/content\/v1\/5b03230c96e76f07bac36cae\/1587139745969-7VRJKC2O3AFCQJKT85LU\/What-COVID-means-to-me.jpg?format=300w 300w, https:\/\/images.squarespace-cdn.com\/content\/v1\/5b03230c96e76f07bac36cae\/1587139745969-7VRJKC2O3AFCQJKT85LU\/What-COVID-means-to-me.jpg?format=500w 500w, https:\/\/images.squarespace-cdn.com\/content\/v1\/5b03230c96e76f07bac36cae\/1587139745969-7VRJKC2O3AFCQJKT85LU\/What-COVID-means-to-me.jpg?format=750w 750w, https:\/\/images.squarespace-cdn.com\/content\/v1\/5b03230c96e76f07bac36cae\/1587139745969-7VRJKC2O3AFCQJKT85LU\/What-COVID-means-to-me.jpg?format=1000w 1000w, https:\/\/images.squarespace-cdn.com\/content\/v1\/5b03230c96e76f07bac36cae\/1587139745969-7VRJKC2O3AFCQJKT85LU\/What-COVID-means-to-me.jpg?format=1500w 1500w, https:\/\/images.squarespace-cdn.com\/content\/v1\/5b03230c96e76f07bac36cae\/1587139745969-7VRJKC2O3AFCQJKT85LU\/What-COVID-means-to-me.jpg?format=2500w 2500w\" loading=\"lazy\" decoding=\"async\" data-loader=\"sqs\"><\/p><\/div>\n<\/p><\/div>\n<\/figure><\/div>\n<div class=\"sqs-html-content\">\n<p class=\"\" style=\"white-space:pre-wrap;\">Recuerdo la primera vez que llegu\u00e9 a una ciudad sin conocer a nadie, sin tener d\u00f3nde dormir, sin smartphone ni dinero suficiente para alojarme en un hotel. Preguntar a extra\u00f1os sobre la posibilidad de un lugar donde quedarse. Dorm\u00ed al aire libre detr\u00e1s de unos campos de b\u00e9isbol. Fue Albany, Nueva York, 2009.<\/p>\n<p class=\"\" style=\"white-space:pre-wrap;\">Recuerdo la primera vez que me qued\u00e9 en una casa con pisos de tierra, sin ventanas, con techo de chapa corrugada y un hueco en el suelo para su ba\u00f1o. Toda la familia de cinco personas dorm\u00eda en una estructura. Rep\u00fablica Dominicana, 2004.<\/p>\n<p class=\"\" style=\"white-space:pre-wrap;\">Recuerdo haber matado mi primer lote de pollos. Sosteniendo sus cuellos mientras jadeaban por \u00faltimo, agit\u00e1ndose. Jefferson, Maine 2010.<\/p>\n<p class=\"\" style=\"white-space:pre-wrap;\">Recuerdo la primera vez que abr\u00ed el tocador de do\u00f1a Amelia ubicado en su cocina que estaba lleno de vasos y cubiertos en lugar de ropa. C\u00f3mo ninguno de los vasos combinaba ni ninguno de los tenedores y cuchillos. C\u00f3mo ten\u00edamos s\u00f3lo dos horas de agua corriente cada ma\u00f1ana y cinco horas de apagones programados cada noche. Era Managua, Nicaragua 2007.<\/p>\n<p class=\"\" style=\"white-space:pre-wrap;\">Recuerdo haber dormido todas las noches en un lugar sin agua corriente ni electricidad porque Dan y yo quer\u00edamos gastar nuestros limitados fondos en la granja m\u00e1s que en nuestro propio alquiler. Era Houston, TX, 2016.<\/p>\n<p class=\"\" style=\"white-space:pre-wrap;\">Recuerdo haber trabajado en el Centro de Respiro de Caridades Cat\u00f3licas limpiando el ba\u00f1o port\u00e1til y las duchas al final del d\u00eda para tratar de crear una experiencia humana para nuestros vecinos con tobilleras que esperan su futuro aqu\u00ed. Fue McAllen, Texas 2018.<\/p>\n<p class=\"\" style=\"white-space:pre-wrap;\">Cuando Jess me pidi\u00f3 que escribiera un blog sobre lo que esta crisis ha significado para m\u00ed, esto fue lo que pens\u00e9. Estos momentos de recalibraci\u00f3n cuando mi vida cambi\u00f3; cuando la forma en que me dijeron que deber\u00eda ser el mundo no es como realmente era. Donde ciertas burbujas, refugios y explicaciones que me hab\u00edan dado estallaron, se desmoronaron y se derritieron.<\/p>\n<p class=\"\" style=\"white-space:pre-wrap;\">Fue en esos momentos que el mundo adquiri\u00f3 no s\u00f3lo un nuevo significado, sino tambi\u00e9n nuevas posibilidades. Me obligaron a ir a lugares donde no pod\u00eda esconderme dentro del ritmo, la estructura y la distracci\u00f3n normales de nuestra sociedad y lo que me hab\u00edan dicho al respecto.<\/p>\n<p class=\"\" style=\"white-space:pre-wrap;\">Cuando te das cuenta de que tu felicidad no est\u00e1 ligada a si los vasos o los cubiertos combinan, ni que ir al ba\u00f1o en una letrina tiene relaci\u00f3n alguna con tu autoestima, el mundo del otro lado se ve y se siente diferente.<\/p>\n<p class=\"\" style=\"white-space:pre-wrap;\">Eso es lo que siento ahora mismo. Como si todos estuvi\u00e9ramos pasando por esta gran recalibraci\u00f3n juntos. Un momento para volver a descubrir qu\u00e9 es lo m\u00e1s importante para nosotros. Qui\u00e9nes somos realmente y qui\u00e9nes son realmente las personas que nos rodean.<\/p>\n<p class=\"\" style=\"white-space:pre-wrap;\">Tengo miedo por los miembros de mi comunidad que no tienen el lujo de contar con una red de apoyo, fuentes confiables de buena informaci\u00f3n, acceso a buena atenci\u00f3n m\u00e9dica y la fortuna de ser ciudadanos. Me preocupan aquellos que est\u00e1n tan abrumados por la carga de estar aislados, suspendidos o simplemente esperando demasiado para recibir buenas noticias sobre su situaci\u00f3n que se preocupan hasta llegar a lugares oscuros.<\/p>\n<p class=\"\" style=\"white-space:pre-wrap;\">Este es un momento para volver a soltar el control de aquellas cosas que est\u00e1n m\u00e1s all\u00e1 de nosotros. Tal vez es por eso que tengo este sentimiento que dice que he estado aqu\u00ed antes, que hemos estado aqu\u00ed antes, y eso me brinda alg\u00fan tipo de consuelo. Siento un fuerte sentido de comunidad en mi mundo en el East End y realmente creo que mi destino est\u00e1 ligado al de todos los dem\u00e1s aqu\u00ed; que todos tenemos algo de valor que aportar cada d\u00eda, incluso si solo es pedir ayuda.<\/p>\n<p class=\"\" style=\"white-space:pre-wrap;\">No he dedicado casi ning\u00fan tiempo a pensar en cu\u00e1ndo podr\u00eda terminar esto, pero s\u00ed he pensado mucho en lo que significar\u00e1 este tiempo para nosotros y solo genera m\u00e1s preguntas.<\/p>\n<p class=\"\" style=\"white-space:pre-wrap;\">\u00bfCrees que valorar\u00e1s las mismas cosas cuando finalmente levantemos la orden de quedarse en casa?&nbsp;<\/p>\n<p class=\"\" style=\"white-space:pre-wrap;\">\u00bfRealmente queremos que las cosas vuelvan a ser como antes?&nbsp;<\/p>\n<p class=\"\" style=\"white-space:pre-wrap;\">\u00bfC\u00f3mo es nuestra antigua vida cotidiana realmente sirvi\u00e9ndonos como individuos, como familias y como comunidad?<\/p>\n<\/div>","protected":false},"excerpt":{"rendered":"<p class=\"\">Este es un momento para volver a soltar el control de aquellas cosas que est\u00e1n m\u00e1s all\u00e1 de nosotros. Tal vez es por eso que tengo este sentimiento que dice que he estado aqu\u00ed antes, que hemos estado aqu\u00ed antes, y eso me brinda alg\u00fan tipo de consuelo. Siento un fuerte sentido de comunidad en mi mundo en el East End y realmente creo que mi destino est\u00e1 ligado al de todos los dem\u00e1s aqu\u00ed; que todos tenemos algo de valor que aportar cada d\u00eda, incluso si solo es pedir ayuda.<\/p>","protected":false},"author":1,"featured_media":254,"comment_status":"closed","ping_status":"open","sticky":false,"template":"","format":"standard","meta":{"_et_pb_use_builder":"","_et_pb_old_content":"","_et_gb_content_width":"","_monsterinsights_skip_tracking":false,"_monsterinsights_sitenote_active":false,"_monsterinsights_sitenote_note":"","_monsterinsights_sitenote_category":0,"_jetpack_memberships_contains_paid_content":false,"footnotes":""},"categories":[64],"tags":[40,63],"class_list":["post-253","post","type-post","status-publish","format-standard","has-post-thumbnail","hentry","category-farmer-musings","tag-farmers","tag-houston-farmers"],"yoast_head":"<!-- This site is optimized with the Yoast SEO plugin v27.5 - https:\/\/yoast.com\/product\/yoast-seo-wordpress\/ -->\n<title>What does this crisis mean to me - Small Places<\/title>\n<meta name=\"robots\" content=\"index, follow, max-snippet:-1, max-image-preview:large, max-video-preview:-1\" \/>\n<link rel=\"canonical\" href=\"https:\/\/smallplaces.org\/es\/blog\/253\/\" \/>\n<meta property=\"og:locale\" content=\"es_MX\" \/>\n<meta property=\"og:type\" content=\"article\" \/>\n<meta property=\"og:title\" content=\"What does this crisis mean to me - Small Places\" \/>\n<meta property=\"og:description\" content=\"This is a time of letting go of control again of those things that are beyond us. Maybe that\u2019s why I have this feeling that says I\u2019ve been here before, that we\u2019ve been here before, and it brings me some sort of comfort. I feel a strong sense of community in my world on the East End and I really believe that my fate is bound up with everyone else&#039;s here; that we all have something of value to bring to the table each day even if it&#039;s just asking for help.\" \/>\n<meta property=\"og:url\" content=\"https:\/\/smallplaces.org\/es\/blog\/253\/\" \/>\n<meta property=\"og:site_name\" content=\"Small Places\" \/>\n<meta property=\"article:published_time\" content=\"2020-04-17T16:14:03+00:00\" \/>\n<meta property=\"og:image\" content=\"https:\/\/images.squarespace-cdn.com\/content\/v1\/5b03230c96e76f07bac36cae\/1587139745969-7VRJKC2O3AFCQJKT85LU\/What-COVID-means-to-me.jpg\" \/>\n<meta name=\"author\" content=\"Small Places Staff\" \/>\n<meta name=\"twitter:card\" content=\"summary_large_image\" \/>\n<meta name=\"twitter:label1\" content=\"Escrito por\" \/>\n\t<meta name=\"twitter:data1\" content=\"Small Places Staff\" \/>\n\t<meta name=\"twitter:label2\" content=\"Tiempo de lectura\" \/>\n\t<meta name=\"twitter:data2\" content=\"3 minutos\" \/>\n<script type=\"application\/ld+json\" class=\"yoast-schema-graph\">{\"@context\":\"https:\\\/\\\/schema.org\",\"@graph\":[{\"@type\":\"Article\",\"@id\":\"https:\\\/\\\/smallplaces.org\\\/blog\\\/253\\\/#article\",\"isPartOf\":{\"@id\":\"https:\\\/\\\/smallplaces.org\\\/blog\\\/253\\\/\"},\"author\":{\"name\":\"Small Places Staff\",\"@id\":\"https:\\\/\\\/smallplaces.org\\\/#\\\/schema\\\/person\\\/9f39585b577481769ec48734a302effc\"},\"headline\":\"What does this crisis mean to me\",\"datePublished\":\"2020-04-17T16:14:03+00:00\",\"mainEntityOfPage\":{\"@id\":\"https:\\\/\\\/smallplaces.org\\\/blog\\\/253\\\/\"},\"wordCount\":705,\"publisher\":{\"@id\":\"https:\\\/\\\/smallplaces.org\\\/#organization\"},\"image\":{\"@id\":\"https:\\\/\\\/smallplaces.org\\\/blog\\\/253\\\/#primaryimage\"},\"thumbnailUrl\":\"https:\\\/\\\/smallplaces.org\\\/wp-content\\\/uploads\\\/2020\\\/04\\\/What-COVID-means-to-me.jpg\",\"keywords\":[\"farmers\",\"Houston Farmers\"],\"articleSection\":[\"Farmer Musings\"],\"inLanguage\":\"es\"},{\"@type\":\"WebPage\",\"@id\":\"https:\\\/\\\/smallplaces.org\\\/blog\\\/253\\\/\",\"url\":\"https:\\\/\\\/smallplaces.org\\\/blog\\\/253\\\/\",\"name\":\"What does this crisis mean to me - Small Places\",\"isPartOf\":{\"@id\":\"https:\\\/\\\/smallplaces.org\\\/#website\"},\"primaryImageOfPage\":{\"@id\":\"https:\\\/\\\/smallplaces.org\\\/blog\\\/253\\\/#primaryimage\"},\"image\":{\"@id\":\"https:\\\/\\\/smallplaces.org\\\/blog\\\/253\\\/#primaryimage\"},\"thumbnailUrl\":\"https:\\\/\\\/smallplaces.org\\\/wp-content\\\/uploads\\\/2020\\\/04\\\/What-COVID-means-to-me.jpg\",\"datePublished\":\"2020-04-17T16:14:03+00:00\",\"breadcrumb\":{\"@id\":\"https:\\\/\\\/smallplaces.org\\\/blog\\\/253\\\/#breadcrumb\"},\"inLanguage\":\"es\",\"potentialAction\":[{\"@type\":\"ReadAction\",\"target\":[\"https:\\\/\\\/smallplaces.org\\\/blog\\\/253\\\/\"]}]},{\"@type\":\"ImageObject\",\"inLanguage\":\"es\",\"@id\":\"https:\\\/\\\/smallplaces.org\\\/blog\\\/253\\\/#primaryimage\",\"url\":\"https:\\\/\\\/smallplaces.org\\\/wp-content\\\/uploads\\\/2020\\\/04\\\/What-COVID-means-to-me.jpg\",\"contentUrl\":\"https:\\\/\\\/smallplaces.org\\\/wp-content\\\/uploads\\\/2020\\\/04\\\/What-COVID-means-to-me.jpg\",\"width\":2000,\"height\":1333,\"caption\":\"exc-5e99d3c01f79016c41aad298\"},{\"@type\":\"BreadcrumbList\",\"@id\":\"https:\\\/\\\/smallplaces.org\\\/blog\\\/253\\\/#breadcrumb\",\"itemListElement\":[{\"@type\":\"ListItem\",\"position\":1,\"name\":\"Home\",\"item\":\"https:\\\/\\\/smallplaces.org\\\/\"},{\"@type\":\"ListItem\",\"position\":2,\"name\":\"What does this crisis mean to me\"}]},{\"@type\":\"WebSite\",\"@id\":\"https:\\\/\\\/smallplaces.org\\\/#website\",\"url\":\"https:\\\/\\\/smallplaces.org\\\/\",\"name\":\"Small Places\",\"description\":\"Small places matter.\",\"publisher\":{\"@id\":\"https:\\\/\\\/smallplaces.org\\\/#organization\"},\"potentialAction\":[{\"@type\":\"SearchAction\",\"target\":{\"@type\":\"EntryPoint\",\"urlTemplate\":\"https:\\\/\\\/smallplaces.org\\\/?s={search_term_string}\"},\"query-input\":{\"@type\":\"PropertyValueSpecification\",\"valueRequired\":true,\"valueName\":\"search_term_string\"}}],\"inLanguage\":\"es\"},{\"@type\":\"Organization\",\"@id\":\"https:\\\/\\\/smallplaces.org\\\/#organization\",\"name\":\"Small Places\",\"url\":\"https:\\\/\\\/smallplaces.org\\\/\",\"logo\":{\"@type\":\"ImageObject\",\"inLanguage\":\"es\",\"@id\":\"https:\\\/\\\/smallplaces.org\\\/#\\\/schema\\\/logo\\\/image\\\/\",\"url\":\"https:\\\/\\\/smallplaces.wpengine.com\\\/wp-content\\\/uploads\\\/2022\\\/07\\\/Logo-RefreshMockups-Horizontal.png\",\"contentUrl\":\"https:\\\/\\\/smallplaces.wpengine.com\\\/wp-content\\\/uploads\\\/2022\\\/07\\\/Logo-RefreshMockups-Horizontal.png\",\"width\":594,\"height\":224,\"caption\":\"Small Places\"},\"image\":{\"@id\":\"https:\\\/\\\/smallplaces.org\\\/#\\\/schema\\\/logo\\\/image\\\/\"}},{\"@type\":\"Person\",\"@id\":\"https:\\\/\\\/smallplaces.org\\\/#\\\/schema\\\/person\\\/9f39585b577481769ec48734a302effc\",\"name\":\"Small Places Staff\",\"image\":{\"@type\":\"ImageObject\",\"inLanguage\":\"es\",\"@id\":\"https:\\\/\\\/secure.gravatar.com\\\/avatar\\\/eec16c97558ff629a25092475682934fe9bced1766bec32de1fe50d710d3049e?s=96&d=mm&r=g\",\"url\":\"https:\\\/\\\/secure.gravatar.com\\\/avatar\\\/eec16c97558ff629a25092475682934fe9bced1766bec32de1fe50d710d3049e?s=96&d=mm&r=g\",\"contentUrl\":\"https:\\\/\\\/secure.gravatar.com\\\/avatar\\\/eec16c97558ff629a25092475682934fe9bced1766bec32de1fe50d710d3049e?s=96&d=mm&r=g\",\"caption\":\"Small Places Staff\"},\"sameAs\":[\"https:\\\/\\\/smallplaces.wpengine.com\"],\"url\":\"https:\\\/\\\/smallplaces.org\\\/es\\\/blog\\\/author\\\/smallplaces\\\/\"}]}<\/script>\n<!-- \/ Yoast SEO plugin. -->","yoast_head_json":{"title":"What does this crisis mean to me - Small Places","robots":{"index":"index","follow":"follow","max-snippet":"max-snippet:-1","max-image-preview":"max-image-preview:large","max-video-preview":"max-video-preview:-1"},"canonical":"https:\/\/smallplaces.org\/es\/blog\/253\/","og_locale":"es_MX","og_type":"article","og_title":"What does this crisis mean to me - Small Places","og_description":"This is a time of letting go of control again of those things that are beyond us. Maybe that\u2019s why I have this feeling that says I\u2019ve been here before, that we\u2019ve been here before, and it brings me some sort of comfort. I feel a strong sense of community in my world on the East End and I really believe that my fate is bound up with everyone else's here; that we all have something of value to bring to the table each day even if it's just asking for help.","og_url":"https:\/\/smallplaces.org\/es\/blog\/253\/","og_site_name":"Small Places","article_published_time":"2020-04-17T16:14:03+00:00","og_image":[{"url":"https:\/\/images.squarespace-cdn.com\/content\/v1\/5b03230c96e76f07bac36cae\/1587139745969-7VRJKC2O3AFCQJKT85LU\/What-COVID-means-to-me.jpg","type":"","width":"","height":""}],"author":"Small Places Staff","twitter_card":"summary_large_image","twitter_misc":{"Escrito por":"Small Places Staff","Tiempo de lectura":"3 minutos"},"schema":{"@context":"https:\/\/schema.org","@graph":[{"@type":"Article","@id":"https:\/\/smallplaces.org\/blog\/253\/#article","isPartOf":{"@id":"https:\/\/smallplaces.org\/blog\/253\/"},"author":{"name":"Small Places Staff","@id":"https:\/\/smallplaces.org\/#\/schema\/person\/9f39585b577481769ec48734a302effc"},"headline":"What does this crisis mean to me","datePublished":"2020-04-17T16:14:03+00:00","mainEntityOfPage":{"@id":"https:\/\/smallplaces.org\/blog\/253\/"},"wordCount":705,"publisher":{"@id":"https:\/\/smallplaces.org\/#organization"},"image":{"@id":"https:\/\/smallplaces.org\/blog\/253\/#primaryimage"},"thumbnailUrl":"https:\/\/smallplaces.org\/wp-content\/uploads\/2020\/04\/What-COVID-means-to-me.jpg","keywords":["farmers","Houston Farmers"],"articleSection":["Farmer Musings"],"inLanguage":"es"},{"@type":"WebPage","@id":"https:\/\/smallplaces.org\/blog\/253\/","url":"https:\/\/smallplaces.org\/blog\/253\/","name":"What does this crisis mean to me - Small Places","isPartOf":{"@id":"https:\/\/smallplaces.org\/#website"},"primaryImageOfPage":{"@id":"https:\/\/smallplaces.org\/blog\/253\/#primaryimage"},"image":{"@id":"https:\/\/smallplaces.org\/blog\/253\/#primaryimage"},"thumbnailUrl":"https:\/\/smallplaces.org\/wp-content\/uploads\/2020\/04\/What-COVID-means-to-me.jpg","datePublished":"2020-04-17T16:14:03+00:00","breadcrumb":{"@id":"https:\/\/smallplaces.org\/blog\/253\/#breadcrumb"},"inLanguage":"es","potentialAction":[{"@type":"ReadAction","target":["https:\/\/smallplaces.org\/blog\/253\/"]}]},{"@type":"ImageObject","inLanguage":"es","@id":"https:\/\/smallplaces.org\/blog\/253\/#primaryimage","url":"https:\/\/smallplaces.org\/wp-content\/uploads\/2020\/04\/What-COVID-means-to-me.jpg","contentUrl":"https:\/\/smallplaces.org\/wp-content\/uploads\/2020\/04\/What-COVID-means-to-me.jpg","width":2000,"height":1333,"caption":"exc-5e99d3c01f79016c41aad298"},{"@type":"BreadcrumbList","@id":"https:\/\/smallplaces.org\/blog\/253\/#breadcrumb","itemListElement":[{"@type":"ListItem","position":1,"name":"Home","item":"https:\/\/smallplaces.org\/"},{"@type":"ListItem","position":2,"name":"What does this crisis mean to me"}]},{"@type":"WebSite","@id":"https:\/\/smallplaces.org\/#website","url":"https:\/\/smallplaces.org\/","name":"Lugares peque\u00f1os","description":"Los lugares peque\u00f1os importan.","publisher":{"@id":"https:\/\/smallplaces.org\/#organization"},"potentialAction":[{"@type":"SearchAction","target":{"@type":"EntryPoint","urlTemplate":"https:\/\/smallplaces.org\/?s={search_term_string}"},"query-input":{"@type":"PropertyValueSpecification","valueRequired":true,"valueName":"search_term_string"}}],"inLanguage":"es"},{"@type":"Organization","@id":"https:\/\/smallplaces.org\/#organization","name":"Lugares peque\u00f1os","url":"https:\/\/smallplaces.org\/","logo":{"@type":"ImageObject","inLanguage":"es","@id":"https:\/\/smallplaces.org\/#\/schema\/logo\/image\/","url":"https:\/\/smallplaces.wpengine.com\/wp-content\/uploads\/2022\/07\/Logo-RefreshMockups-Horizontal.png","contentUrl":"https:\/\/smallplaces.wpengine.com\/wp-content\/uploads\/2022\/07\/Logo-RefreshMockups-Horizontal.png","width":594,"height":224,"caption":"Small Places"},"image":{"@id":"https:\/\/smallplaces.org\/#\/schema\/logo\/image\/"}},{"@type":"Person","@id":"https:\/\/smallplaces.org\/#\/schema\/person\/9f39585b577481769ec48734a302effc","name":"Personal de lugares peque\u00f1os","image":{"@type":"ImageObject","inLanguage":"es","@id":"https:\/\/secure.gravatar.com\/avatar\/eec16c97558ff629a25092475682934fe9bced1766bec32de1fe50d710d3049e?s=96&d=mm&r=g","url":"https:\/\/secure.gravatar.com\/avatar\/eec16c97558ff629a25092475682934fe9bced1766bec32de1fe50d710d3049e?s=96&d=mm&r=g","contentUrl":"https:\/\/secure.gravatar.com\/avatar\/eec16c97558ff629a25092475682934fe9bced1766bec32de1fe50d710d3049e?s=96&d=mm&r=g","caption":"Small Places Staff"},"sameAs":["https:\/\/smallplaces.wpengine.com"],"url":"https:\/\/smallplaces.org\/es\/blog\/author\/smallplaces\/"}]}},"featured_image_src":"https:\/\/smallplaces.org\/wp-content\/uploads\/2020\/04\/What-COVID-means-to-me-600x400.jpg","featured_image_src_square":"https:\/\/smallplaces.org\/wp-content\/uploads\/2020\/04\/What-COVID-means-to-me-600x600.jpg","author_info":{"display_name":"Small Places Staff","author_link":"https:\/\/smallplaces.org\/es\/blog\/author\/smallplaces\/"},"jetpack_featured_media_url":"https:\/\/smallplaces.org\/wp-content\/uploads\/2020\/04\/What-COVID-means-to-me.jpg","jetpack_sharing_enabled":true,"_links":{"self":[{"href":"https:\/\/smallplaces.org\/es\/wp-json\/wp\/v2\/posts\/253","targetHints":{"allow":["GET"]}}],"collection":[{"href":"https:\/\/smallplaces.org\/es\/wp-json\/wp\/v2\/posts"}],"about":[{"href":"https:\/\/smallplaces.org\/es\/wp-json\/wp\/v2\/types\/post"}],"author":[{"embeddable":true,"href":"https:\/\/smallplaces.org\/es\/wp-json\/wp\/v2\/users\/1"}],"replies":[{"embeddable":true,"href":"https:\/\/smallplaces.org\/es\/wp-json\/wp\/v2\/comments?post=253"}],"version-history":[{"count":0,"href":"https:\/\/smallplaces.org\/es\/wp-json\/wp\/v2\/posts\/253\/revisions"}],"wp:featuredmedia":[{"embeddable":true,"href":"https:\/\/smallplaces.org\/es\/wp-json\/wp\/v2\/media\/254"}],"wp:attachment":[{"href":"https:\/\/smallplaces.org\/es\/wp-json\/wp\/v2\/media?parent=253"}],"wp:term":[{"taxonomy":"category","embeddable":true,"href":"https:\/\/smallplaces.org\/es\/wp-json\/wp\/v2\/categories?post=253"},{"taxonomy":"post_tag","embeddable":true,"href":"https:\/\/smallplaces.org\/es\/wp-json\/wp\/v2\/tags?post=253"}],"curies":[{"name":"wp","href":"https:\/\/api.w.org\/{rel}","templated":true}]}}