{"id":113,"date":"2019-01-07T20:12:00","date_gmt":"2019-01-07T20:12:00","guid":{"rendered":"https:\/\/smallplaces.org\/blog\/113\/"},"modified":"2019-01-07T20:12:00","modified_gmt":"2019-01-07T20:12:00","slug":"2019-1-7-a-future-for-finca","status":"publish","type":"post","link":"https:\/\/smallplaces.org\/es\/blog\/113\/","title":{"rendered":"\u00bfUn futuro para Finca\u2026?"},"content":{"rendered":"<div\n        class=\"image-block-outer-wrapper          layout-caption-below          design-layout-inline          combination-animation-none          individual-animation-none          individual-text-animation-none\"\n        data-test=\"image-block-inline-outer-wrapper\"\n    ><\/p>\n<figure\n            class=\"sqs-block-image-figure              intrinsic\"\n            style=\"max-width:800px;\"\n        ><\/p>\n<div\n              \n              \n              class=\"image-block-wrapper\"\n              data-animation-role=\"image\"\n              \n  \n\n          ><\/p>\n<div class=\"sqs-image-shape-container-element                                              has-aspect-ratio\" style=\"                position: relative;                                  padding-bottom:56.25%;                                overflow: hidden;-webkit-mask-image: -webkit-radial-gradient(white, black);              \"\n              ><\/p>\n<p>                  <img data-stretch=\"false\" src=\"https:\/\/images.squarespace-cdn.com\/content\/v1\/5b03230c96e76f07bac36cae\/1548041973887-FFH1R5VR316RW8UZ577A\/926875a3-3e71-4c0a-99c1-b6d0f0c99f70.jpg\" data-image=\"https:\/\/images.squarespace-cdn.com\/content\/v1\/5b03230c96e76f07bac36cae\/1548041973887-FFH1R5VR316RW8UZ577A\/926875a3-3e71-4c0a-99c1-b6d0f0c99f70.jpg\" data-image-dimensions=\"800x450\" data-image-focal-point=\"0.5,0.5\" alt=\"926875a3-3e71-4c0a-99c1-b6d0f0c99f70.jpg\" data-load=\"false\" width=\"800\" height=\"450\" sizes=\"100vw\" style=\"display:block;object-fit: cover; width: 100%; height: 100%; object-position: 50% 50%\" srcset=\"https:\/\/images.squarespace-cdn.com\/content\/v1\/5b03230c96e76f07bac36cae\/1548041973887-FFH1R5VR316RW8UZ577A\/926875a3-3e71-4c0a-99c1-b6d0f0c99f70.jpg?format=100w 100w, https:\/\/images.squarespace-cdn.com\/content\/v1\/5b03230c96e76f07bac36cae\/1548041973887-FFH1R5VR316RW8UZ577A\/926875a3-3e71-4c0a-99c1-b6d0f0c99f70.jpg?format=300w 300w, https:\/\/images.squarespace-cdn.com\/content\/v1\/5b03230c96e76f07bac36cae\/1548041973887-FFH1R5VR316RW8UZ577A\/926875a3-3e71-4c0a-99c1-b6d0f0c99f70.jpg?format=500w 500w, https:\/\/images.squarespace-cdn.com\/content\/v1\/5b03230c96e76f07bac36cae\/1548041973887-FFH1R5VR316RW8UZ577A\/926875a3-3e71-4c0a-99c1-b6d0f0c99f70.jpg?format=750w 750w, https:\/\/images.squarespace-cdn.com\/content\/v1\/5b03230c96e76f07bac36cae\/1548041973887-FFH1R5VR316RW8UZ577A\/926875a3-3e71-4c0a-99c1-b6d0f0c99f70.jpg?format=1000w 1000w, https:\/\/images.squarespace-cdn.com\/content\/v1\/5b03230c96e76f07bac36cae\/1548041973887-FFH1R5VR316RW8UZ577A\/926875a3-3e71-4c0a-99c1-b6d0f0c99f70.jpg?format=1500w 1500w, https:\/\/images.squarespace-cdn.com\/content\/v1\/5b03230c96e76f07bac36cae\/1548041973887-FFH1R5VR316RW8UZ577A\/926875a3-3e71-4c0a-99c1-b6d0f0c99f70.jpg?format=2500w 2500w\" loading=\"lazy\" decoding=\"async\" data-loader=\"sqs\"><\/p><\/div>\n<\/p><\/div>\n<\/figure><\/div>\n<div class=\"sqs-html-content\">\n<p style=\"white-space: pre-wrap;\">Hace poco m\u00e1s de cinco (5) a\u00f1os vimos por primera vez una propiedad vac\u00eda, cubierta de maleza y sin uso, con grandes robles haciendo guardia en la entrada que se convertir\u00eda en&nbsp;<strong>Finca Tres Robles<\/strong>. Sin embargo, hace dos (2) a\u00f1os, mientras trabajaba para asegurar el sitio de forma permanente, el condado de Harris decidi\u00f3 comprar el terreno en el que cultivamos, poniendo en peligro el futuro de la Finca. Con el apoyo de defensores vocales, el condado cumpli\u00f3 con nuestro contrato de arrendamiento anterior, pero ese contrato vence a fines de 2019 y actualmente no existe ning\u00fan acuerdo vigente para extender nuestra estad\u00eda.<\/p>\n<p style=\"white-space: pre-wrap;\">Hablaremos en el Tribunal del Comisionado el 8 de enero para ayudar a presentar nuestro caso ante los l\u00edderes del condado para extender nuestro contrato de arrendamiento en Finca. Hay un nuevo liderazgo en el condado de Harris con el nuestro&nbsp;<strong>Comisionado del Precinto 2, Adri\u00e1n Garc\u00eda<\/strong>&nbsp;y&nbsp;<strong>Juez del condado Lena Hidalgo<\/strong>&nbsp;asumiendo el cargo este mes y tenemos la esperanza de que con su liderazgo encontremos una soluci\u00f3n que nos permita no solo continuar nuestro trabajo aqu\u00ed en Finca, sino tambi\u00e9n brindar m\u00e1s oportunidades para la agricultura en nuestras comunidades.  <\/p>\n<\/div>\n<div\n  class=\"sqs-block-button-container sqs-block-button-container--center\"\n  data-animation-role=\"button\"\n  data-alignment=\"center\"\n  data-button-size=\"small\"\n  data-button-type=\"tertiary\"\n><br \/>\n  <a\n    href=\"https:\/\/www.houstonchronicle.com\/local\/gray-matters\/article\/urban-farming-houston-land-costs-13161112.php\"\n    class=\"sqs-block-button-element--small sqs-button-element--tertiary sqs-block-button-element\"\n    target=\"_blank\"\n  ><br \/>\n    Lea m\u00e1s sobre nuestra situaci\u00f3n territorial<br \/>\n  <\/a>\n<\/div>\n<div class=\"sqs-html-content\">\n<p style=\"white-space: pre-wrap;\">Continuaremos manteniendo a nuestros seguidores actualizados sobre nuestra situaci\u00f3n territorial a medida que avance el proceso. Estamos extremadamente agradecidos de tener una comunidad tan incre\u00edble de seguidores que desde el principio han hecho posible esta granja y nos llevar\u00e1 a todos garantizar que Finca Tres Robles contin\u00fae sirviendo a nuestro vecindario y ciudad.  <\/p>\n<\/div>\n<div\n        class=\"image-block-outer-wrapper          layout-caption-below          design-layout-inline          combination-animation-none          individual-animation-none          individual-text-animation-none\"\n        data-test=\"image-block-inline-outer-wrapper\"\n    ><\/p>\n<figure\n            class=\"sqs-block-image-figure              intrinsic\"\n            style=\"max-width:800px;\"\n        ><\/p>\n<div\n              \n              \n              class=\"image-block-wrapper\"\n              data-animation-role=\"image\"\n              \n  \n\n          ><\/p>\n<div class=\"sqs-image-shape-container-element                                              has-aspect-ratio\" style=\"                position: relative;                                  padding-bottom:56.25%;                                overflow: hidden;-webkit-mask-image: -webkit-radial-gradient(white, black);              \"\n              ><\/p>\n<p>                  <img data-stretch=\"false\" src=\"https:\/\/images.squarespace-cdn.com\/content\/v1\/5b03230c96e76f07bac36cae\/1548042031622-QUZYW5S68G37BZC9STKJ\/73b215f0-5187-4cfc-b9bd-8256169e27dd.jpg\" data-image=\"https:\/\/images.squarespace-cdn.com\/content\/v1\/5b03230c96e76f07bac36cae\/1548042031622-QUZYW5S68G37BZC9STKJ\/73b215f0-5187-4cfc-b9bd-8256169e27dd.jpg\" data-image-dimensions=\"800x450\" data-image-focal-point=\"0.5,0.5\" alt=\"73b215f0-5187-4cfc-b9bd-8256169e27dd.jpg\" data-load=\"false\" width=\"800\" height=\"450\" sizes=\"100vw\" style=\"display:block;object-fit: cover; width: 100%; height: 100%; object-position: 50% 50%\" srcset=\"https:\/\/images.squarespace-cdn.com\/content\/v1\/5b03230c96e76f07bac36cae\/1548042031622-QUZYW5S68G37BZC9STKJ\/73b215f0-5187-4cfc-b9bd-8256169e27dd.jpg?format=100w 100w, https:\/\/images.squarespace-cdn.com\/content\/v1\/5b03230c96e76f07bac36cae\/1548042031622-QUZYW5S68G37BZC9STKJ\/73b215f0-5187-4cfc-b9bd-8256169e27dd.jpg?format=300w 300w, https:\/\/images.squarespace-cdn.com\/content\/v1\/5b03230c96e76f07bac36cae\/1548042031622-QUZYW5S68G37BZC9STKJ\/73b215f0-5187-4cfc-b9bd-8256169e27dd.jpg?format=500w 500w, https:\/\/images.squarespace-cdn.com\/content\/v1\/5b03230c96e76f07bac36cae\/1548042031622-QUZYW5S68G37BZC9STKJ\/73b215f0-5187-4cfc-b9bd-8256169e27dd.jpg?format=750w 750w, https:\/\/images.squarespace-cdn.com\/content\/v1\/5b03230c96e76f07bac36cae\/1548042031622-QUZYW5S68G37BZC9STKJ\/73b215f0-5187-4cfc-b9bd-8256169e27dd.jpg?format=1000w 1000w, https:\/\/images.squarespace-cdn.com\/content\/v1\/5b03230c96e76f07bac36cae\/1548042031622-QUZYW5S68G37BZC9STKJ\/73b215f0-5187-4cfc-b9bd-8256169e27dd.jpg?format=1500w 1500w, https:\/\/images.squarespace-cdn.com\/content\/v1\/5b03230c96e76f07bac36cae\/1548042031622-QUZYW5S68G37BZC9STKJ\/73b215f0-5187-4cfc-b9bd-8256169e27dd.jpg?format=2500w 2500w\" loading=\"lazy\" decoding=\"async\" data-loader=\"sqs\"><\/p><\/div>\n<\/p><\/div>\n<\/figure><\/div>","protected":false},"excerpt":{"rendered":"<p style=\"white-space: pre-wrap;\">Hace poco m\u00e1s de cinco (5) a\u00f1os vimos por primera vez una propiedad vac\u00eda, cubierta de maleza y sin uso, con grandes robles haciendo guardia en la entrada que se convertir\u00eda en&nbsp;<strong>Finca Tres Robles<\/strong>. Sin embargo, hace dos (2) a\u00f1os, mientras trabajaba para asegurar el sitio de forma permanente, el condado de Harris decidi\u00f3 comprar el terreno en el que cultivamos, poniendo en peligro el futuro de la Finca. Con el apoyo de defensores vocales, el condado cumpli\u00f3 con nuestro contrato de arrendamiento anterior, pero ese contrato vence a fines de 2019 y actualmente no existe ning\u00fan acuerdo vigente para extender nuestra estad\u00eda.<\/p>","protected":false},"author":1,"featured_media":114,"comment_status":"closed","ping_status":"open","sticky":false,"template":"","format":"standard","meta":{"_et_pb_use_builder":"","_et_pb_old_content":"","_et_gb_content_width":"","_monsterinsights_skip_tracking":false,"_monsterinsights_sitenote_active":false,"_monsterinsights_sitenote_note":"","_monsterinsights_sitenote_category":0,"_jetpack_memberships_contains_paid_content":false,"footnotes":""},"categories":[18],"tags":[],"class_list":["post-113","post","type-post","status-publish","format-standard","has-post-thumbnail","hentry","category-news"],"yoast_head":"<!-- This site is optimized with the Yoast SEO plugin v27.4 - https:\/\/yoast.com\/product\/yoast-seo-wordpress\/ -->\n<title>A Future for Finca...? - Small Places<\/title>\n<meta name=\"robots\" content=\"index, follow, max-snippet:-1, max-image-preview:large, max-video-preview:-1\" \/>\n<link rel=\"canonical\" href=\"https:\/\/smallplaces.org\/es\/blog\/113\/\" \/>\n<meta property=\"og:locale\" content=\"es_MX\" \/>\n<meta property=\"og:type\" content=\"article\" \/>\n<meta property=\"og:title\" content=\"A Future for Finca...? - Small Places\" \/>\n<meta property=\"og:description\" content=\"A little over five (5) years ago we first set eyes on a vacant, overgrown, and unused property with large oak trees standing guard at the entrance that would become&nbsp;Finca Tres Robles.&nbsp;Two (2) years ago however while working to secure the site permanently, Harris County decided to purchased the land on which we farm, endangering&nbsp;the future of Finca. With support from vocal advocates, the County honored our&nbsp;previous lease agreement but that lease runs out at the end of 2019&nbsp;and there is currently no agreement in place to extend our stay.\" \/>\n<meta property=\"og:url\" content=\"https:\/\/smallplaces.org\/es\/blog\/113\/\" \/>\n<meta property=\"og:site_name\" content=\"Small Places\" \/>\n<meta property=\"article:published_time\" content=\"2019-01-07T20:12:00+00:00\" \/>\n<meta property=\"og:image\" content=\"https:\/\/images.squarespace-cdn.com\/content\/v1\/5b03230c96e76f07bac36cae\/1548041973887-FFH1R5VR316RW8UZ577A\/926875a3-3e71-4c0a-99c1-b6d0f0c99f70.jpg\" \/>\n<meta name=\"author\" content=\"Small Places Staff\" \/>\n<meta name=\"twitter:card\" content=\"summary_large_image\" \/>\n<meta name=\"twitter:label1\" content=\"Escrito por\" \/>\n\t<meta name=\"twitter:data1\" content=\"Small Places Staff\" \/>\n\t<meta name=\"twitter:label2\" content=\"Tiempo de lectura\" \/>\n\t<meta name=\"twitter:data2\" content=\"1 minuto\" \/>\n<script type=\"application\/ld+json\" class=\"yoast-schema-graph\">{\"@context\":\"https:\\\/\\\/schema.org\",\"@graph\":[{\"@type\":\"Article\",\"@id\":\"https:\\\/\\\/smallplaces.org\\\/blog\\\/113\\\/#article\",\"isPartOf\":{\"@id\":\"https:\\\/\\\/smallplaces.org\\\/blog\\\/113\\\/\"},\"author\":{\"name\":\"Small Places Staff\",\"@id\":\"https:\\\/\\\/smallplaces.org\\\/#\\\/schema\\\/person\\\/9f39585b577481769ec48734a302effc\"},\"headline\":\"A Future for Finca&#8230;?\",\"datePublished\":\"2019-01-07T20:12:00+00:00\",\"mainEntityOfPage\":{\"@id\":\"https:\\\/\\\/smallplaces.org\\\/blog\\\/113\\\/\"},\"wordCount\":254,\"publisher\":{\"@id\":\"https:\\\/\\\/smallplaces.org\\\/#organization\"},\"image\":{\"@id\":\"https:\\\/\\\/smallplaces.org\\\/blog\\\/113\\\/#primaryimage\"},\"thumbnailUrl\":\"https:\\\/\\\/smallplaces.org\\\/wp-content\\\/uploads\\\/2019\\\/01\\\/926875a3-3e71-4c0a-99c1-b6d0f0c99f70.jpg\",\"articleSection\":[\"News\"],\"inLanguage\":\"es\"},{\"@type\":\"WebPage\",\"@id\":\"https:\\\/\\\/smallplaces.org\\\/blog\\\/113\\\/\",\"url\":\"https:\\\/\\\/smallplaces.org\\\/blog\\\/113\\\/\",\"name\":\"A Future for Finca...? - Small Places\",\"isPartOf\":{\"@id\":\"https:\\\/\\\/smallplaces.org\\\/#website\"},\"primaryImageOfPage\":{\"@id\":\"https:\\\/\\\/smallplaces.org\\\/blog\\\/113\\\/#primaryimage\"},\"image\":{\"@id\":\"https:\\\/\\\/smallplaces.org\\\/blog\\\/113\\\/#primaryimage\"},\"thumbnailUrl\":\"https:\\\/\\\/smallplaces.org\\\/wp-content\\\/uploads\\\/2019\\\/01\\\/926875a3-3e71-4c0a-99c1-b6d0f0c99f70.jpg\",\"datePublished\":\"2019-01-07T20:12:00+00:00\",\"breadcrumb\":{\"@id\":\"https:\\\/\\\/smallplaces.org\\\/blog\\\/113\\\/#breadcrumb\"},\"inLanguage\":\"es\",\"potentialAction\":[{\"@type\":\"ReadAction\",\"target\":[\"https:\\\/\\\/smallplaces.org\\\/blog\\\/113\\\/\"]}]},{\"@type\":\"ImageObject\",\"inLanguage\":\"es\",\"@id\":\"https:\\\/\\\/smallplaces.org\\\/blog\\\/113\\\/#primaryimage\",\"url\":\"https:\\\/\\\/smallplaces.org\\\/wp-content\\\/uploads\\\/2019\\\/01\\\/926875a3-3e71-4c0a-99c1-b6d0f0c99f70.jpg\",\"contentUrl\":\"https:\\\/\\\/smallplaces.org\\\/wp-content\\\/uploads\\\/2019\\\/01\\\/926875a3-3e71-4c0a-99c1-b6d0f0c99f70.jpg\",\"width\":800,\"height\":450,\"caption\":\"exc-5c453ec6f950b7a96fa2470d\"},{\"@type\":\"BreadcrumbList\",\"@id\":\"https:\\\/\\\/smallplaces.org\\\/blog\\\/113\\\/#breadcrumb\",\"itemListElement\":[{\"@type\":\"ListItem\",\"position\":1,\"name\":\"Home\",\"item\":\"https:\\\/\\\/smallplaces.org\\\/\"},{\"@type\":\"ListItem\",\"position\":2,\"name\":\"A Future for Finca&#8230;?\"}]},{\"@type\":\"WebSite\",\"@id\":\"https:\\\/\\\/smallplaces.org\\\/#website\",\"url\":\"https:\\\/\\\/smallplaces.org\\\/\",\"name\":\"Small Places\",\"description\":\"Small places matter.\",\"publisher\":{\"@id\":\"https:\\\/\\\/smallplaces.org\\\/#organization\"},\"potentialAction\":[{\"@type\":\"SearchAction\",\"target\":{\"@type\":\"EntryPoint\",\"urlTemplate\":\"https:\\\/\\\/smallplaces.org\\\/?s={search_term_string}\"},\"query-input\":{\"@type\":\"PropertyValueSpecification\",\"valueRequired\":true,\"valueName\":\"search_term_string\"}}],\"inLanguage\":\"es\"},{\"@type\":\"Organization\",\"@id\":\"https:\\\/\\\/smallplaces.org\\\/#organization\",\"name\":\"Small Places\",\"url\":\"https:\\\/\\\/smallplaces.org\\\/\",\"logo\":{\"@type\":\"ImageObject\",\"inLanguage\":\"es\",\"@id\":\"https:\\\/\\\/smallplaces.org\\\/#\\\/schema\\\/logo\\\/image\\\/\",\"url\":\"https:\\\/\\\/smallplaces.wpengine.com\\\/wp-content\\\/uploads\\\/2022\\\/07\\\/Logo-RefreshMockups-Horizontal.png\",\"contentUrl\":\"https:\\\/\\\/smallplaces.wpengine.com\\\/wp-content\\\/uploads\\\/2022\\\/07\\\/Logo-RefreshMockups-Horizontal.png\",\"width\":594,\"height\":224,\"caption\":\"Small Places\"},\"image\":{\"@id\":\"https:\\\/\\\/smallplaces.org\\\/#\\\/schema\\\/logo\\\/image\\\/\"}},{\"@type\":\"Person\",\"@id\":\"https:\\\/\\\/smallplaces.org\\\/#\\\/schema\\\/person\\\/9f39585b577481769ec48734a302effc\",\"name\":\"Small Places Staff\",\"image\":{\"@type\":\"ImageObject\",\"inLanguage\":\"es\",\"@id\":\"https:\\\/\\\/secure.gravatar.com\\\/avatar\\\/eec16c97558ff629a25092475682934fe9bced1766bec32de1fe50d710d3049e?s=96&d=mm&r=g\",\"url\":\"https:\\\/\\\/secure.gravatar.com\\\/avatar\\\/eec16c97558ff629a25092475682934fe9bced1766bec32de1fe50d710d3049e?s=96&d=mm&r=g\",\"contentUrl\":\"https:\\\/\\\/secure.gravatar.com\\\/avatar\\\/eec16c97558ff629a25092475682934fe9bced1766bec32de1fe50d710d3049e?s=96&d=mm&r=g\",\"caption\":\"Small Places Staff\"},\"sameAs\":[\"https:\\\/\\\/smallplaces.wpengine.com\"],\"url\":\"https:\\\/\\\/smallplaces.org\\\/es\\\/blog\\\/author\\\/smallplaces\\\/\"}]}<\/script>\n<!-- \/ Yoast SEO plugin. -->","yoast_head_json":{"title":"A Future for Finca...? - Small Places","robots":{"index":"index","follow":"follow","max-snippet":"max-snippet:-1","max-image-preview":"max-image-preview:large","max-video-preview":"max-video-preview:-1"},"canonical":"https:\/\/smallplaces.org\/es\/blog\/113\/","og_locale":"es_MX","og_type":"article","og_title":"A Future for Finca...? - Small Places","og_description":"A little over five (5) years ago we first set eyes on a vacant, overgrown, and unused property with large oak trees standing guard at the entrance that would become&nbsp;Finca Tres Robles.&nbsp;Two (2) years ago however while working to secure the site permanently, Harris County decided to purchased the land on which we farm, endangering&nbsp;the future of Finca. With support from vocal advocates, the County honored our&nbsp;previous lease agreement but that lease runs out at the end of 2019&nbsp;and there is currently no agreement in place to extend our stay.","og_url":"https:\/\/smallplaces.org\/es\/blog\/113\/","og_site_name":"Small Places","article_published_time":"2019-01-07T20:12:00+00:00","og_image":[{"url":"https:\/\/images.squarespace-cdn.com\/content\/v1\/5b03230c96e76f07bac36cae\/1548041973887-FFH1R5VR316RW8UZ577A\/926875a3-3e71-4c0a-99c1-b6d0f0c99f70.jpg","type":"","width":"","height":""}],"author":"Small Places Staff","twitter_card":"summary_large_image","twitter_misc":{"Escrito por":"Small Places Staff","Tiempo de lectura":"1 minuto"},"schema":{"@context":"https:\/\/schema.org","@graph":[{"@type":"Article","@id":"https:\/\/smallplaces.org\/blog\/113\/#article","isPartOf":{"@id":"https:\/\/smallplaces.org\/blog\/113\/"},"author":{"name":"Small Places Staff","@id":"https:\/\/smallplaces.org\/#\/schema\/person\/9f39585b577481769ec48734a302effc"},"headline":"A Future for Finca&#8230;?","datePublished":"2019-01-07T20:12:00+00:00","mainEntityOfPage":{"@id":"https:\/\/smallplaces.org\/blog\/113\/"},"wordCount":254,"publisher":{"@id":"https:\/\/smallplaces.org\/#organization"},"image":{"@id":"https:\/\/smallplaces.org\/blog\/113\/#primaryimage"},"thumbnailUrl":"https:\/\/smallplaces.org\/wp-content\/uploads\/2019\/01\/926875a3-3e71-4c0a-99c1-b6d0f0c99f70.jpg","articleSection":["News"],"inLanguage":"es"},{"@type":"WebPage","@id":"https:\/\/smallplaces.org\/blog\/113\/","url":"https:\/\/smallplaces.org\/blog\/113\/","name":"A Future for Finca...? - Small Places","isPartOf":{"@id":"https:\/\/smallplaces.org\/#website"},"primaryImageOfPage":{"@id":"https:\/\/smallplaces.org\/blog\/113\/#primaryimage"},"image":{"@id":"https:\/\/smallplaces.org\/blog\/113\/#primaryimage"},"thumbnailUrl":"https:\/\/smallplaces.org\/wp-content\/uploads\/2019\/01\/926875a3-3e71-4c0a-99c1-b6d0f0c99f70.jpg","datePublished":"2019-01-07T20:12:00+00:00","breadcrumb":{"@id":"https:\/\/smallplaces.org\/blog\/113\/#breadcrumb"},"inLanguage":"es","potentialAction":[{"@type":"ReadAction","target":["https:\/\/smallplaces.org\/blog\/113\/"]}]},{"@type":"ImageObject","inLanguage":"es","@id":"https:\/\/smallplaces.org\/blog\/113\/#primaryimage","url":"https:\/\/smallplaces.org\/wp-content\/uploads\/2019\/01\/926875a3-3e71-4c0a-99c1-b6d0f0c99f70.jpg","contentUrl":"https:\/\/smallplaces.org\/wp-content\/uploads\/2019\/01\/926875a3-3e71-4c0a-99c1-b6d0f0c99f70.jpg","width":800,"height":450,"caption":"exc-5c453ec6f950b7a96fa2470d"},{"@type":"BreadcrumbList","@id":"https:\/\/smallplaces.org\/blog\/113\/#breadcrumb","itemListElement":[{"@type":"ListItem","position":1,"name":"Home","item":"https:\/\/smallplaces.org\/"},{"@type":"ListItem","position":2,"name":"A Future for Finca&#8230;?"}]},{"@type":"WebSite","@id":"https:\/\/smallplaces.org\/#website","url":"https:\/\/smallplaces.org\/","name":"Lugares peque\u00f1os","description":"Los lugares peque\u00f1os importan.","publisher":{"@id":"https:\/\/smallplaces.org\/#organization"},"potentialAction":[{"@type":"SearchAction","target":{"@type":"EntryPoint","urlTemplate":"https:\/\/smallplaces.org\/?s={search_term_string}"},"query-input":{"@type":"PropertyValueSpecification","valueRequired":true,"valueName":"search_term_string"}}],"inLanguage":"es"},{"@type":"Organization","@id":"https:\/\/smallplaces.org\/#organization","name":"Lugares peque\u00f1os","url":"https:\/\/smallplaces.org\/","logo":{"@type":"ImageObject","inLanguage":"es","@id":"https:\/\/smallplaces.org\/#\/schema\/logo\/image\/","url":"https:\/\/smallplaces.wpengine.com\/wp-content\/uploads\/2022\/07\/Logo-RefreshMockups-Horizontal.png","contentUrl":"https:\/\/smallplaces.wpengine.com\/wp-content\/uploads\/2022\/07\/Logo-RefreshMockups-Horizontal.png","width":594,"height":224,"caption":"Small Places"},"image":{"@id":"https:\/\/smallplaces.org\/#\/schema\/logo\/image\/"}},{"@type":"Person","@id":"https:\/\/smallplaces.org\/#\/schema\/person\/9f39585b577481769ec48734a302effc","name":"Personal de lugares peque\u00f1os","image":{"@type":"ImageObject","inLanguage":"es","@id":"https:\/\/secure.gravatar.com\/avatar\/eec16c97558ff629a25092475682934fe9bced1766bec32de1fe50d710d3049e?s=96&d=mm&r=g","url":"https:\/\/secure.gravatar.com\/avatar\/eec16c97558ff629a25092475682934fe9bced1766bec32de1fe50d710d3049e?s=96&d=mm&r=g","contentUrl":"https:\/\/secure.gravatar.com\/avatar\/eec16c97558ff629a25092475682934fe9bced1766bec32de1fe50d710d3049e?s=96&d=mm&r=g","caption":"Small Places Staff"},"sameAs":["https:\/\/smallplaces.wpengine.com"],"url":"https:\/\/smallplaces.org\/es\/blog\/author\/smallplaces\/"}]}},"featured_image_src":"https:\/\/smallplaces.org\/wp-content\/uploads\/2019\/01\/926875a3-3e71-4c0a-99c1-b6d0f0c99f70-600x400.jpg","featured_image_src_square":"https:\/\/smallplaces.org\/wp-content\/uploads\/2019\/01\/926875a3-3e71-4c0a-99c1-b6d0f0c99f70-600x450.jpg","author_info":{"display_name":"Small Places Staff","author_link":"https:\/\/smallplaces.org\/es\/blog\/author\/smallplaces\/"},"jetpack_featured_media_url":"https:\/\/smallplaces.org\/wp-content\/uploads\/2019\/01\/926875a3-3e71-4c0a-99c1-b6d0f0c99f70.jpg","jetpack_sharing_enabled":true,"_links":{"self":[{"href":"https:\/\/smallplaces.org\/es\/wp-json\/wp\/v2\/posts\/113","targetHints":{"allow":["GET"]}}],"collection":[{"href":"https:\/\/smallplaces.org\/es\/wp-json\/wp\/v2\/posts"}],"about":[{"href":"https:\/\/smallplaces.org\/es\/wp-json\/wp\/v2\/types\/post"}],"author":[{"embeddable":true,"href":"https:\/\/smallplaces.org\/es\/wp-json\/wp\/v2\/users\/1"}],"replies":[{"embeddable":true,"href":"https:\/\/smallplaces.org\/es\/wp-json\/wp\/v2\/comments?post=113"}],"version-history":[{"count":0,"href":"https:\/\/smallplaces.org\/es\/wp-json\/wp\/v2\/posts\/113\/revisions"}],"wp:featuredmedia":[{"embeddable":true,"href":"https:\/\/smallplaces.org\/es\/wp-json\/wp\/v2\/media\/114"}],"wp:attachment":[{"href":"https:\/\/smallplaces.org\/es\/wp-json\/wp\/v2\/media?parent=113"}],"wp:term":[{"taxonomy":"category","embeddable":true,"href":"https:\/\/smallplaces.org\/es\/wp-json\/wp\/v2\/categories?post=113"},{"taxonomy":"post_tag","embeddable":true,"href":"https:\/\/smallplaces.org\/es\/wp-json\/wp\/v2\/tags?post=113"}],"curies":[{"name":"wp","href":"https:\/\/api.w.org\/{rel}","templated":true}]}}