{"id":101,"date":"2020-05-13T22:05:43","date_gmt":"2020-05-13T22:05:43","guid":{"rendered":"https:\/\/smallplaces.org\/blog\/101\/"},"modified":"2020-05-13T22:05:43","modified_gmt":"2020-05-13T22:05:43","slug":"2020-5-13-csa-member-spotlight-sarah-arvidsonn","status":"publish","type":"post","link":"https:\/\/smallplaces.org\/es\/blog\/101\/","title":{"rendered":"Miembro destacado de CSA: Sarah Arvidsson"},"content":{"rendered":"<div\n        class=\"image-block-outer-wrapper          layout-caption-below          design-layout-inline          combination-animation-none          individual-animation-none          individual-text-animation-none\"\n        data-test=\"image-block-inline-outer-wrapper\"\n    ><\/p>\n<figure\n            class=\"sqs-block-image-figure              intrinsic\"\n            style=\"max-width:2500px;\"\n        ><\/p>\n<div\n              \n              \n              class=\"image-block-wrapper\"\n              data-animation-role=\"image\"\n              \n  \n\n          ><\/p>\n<div class=\"sqs-image-shape-container-element                                              has-aspect-ratio\" style=\"                position: relative;                                  padding-bottom:100%;                                overflow: hidden;-webkit-mask-image: -webkit-radial-gradient(white, black);              \"\n              ><\/p>\n<p>                  <img data-stretch=\"false\" src=\"https:\/\/images.squarespace-cdn.com\/content\/v1\/5b03230c96e76f07bac36cae\/1589404366224-XOCOE445BXBQSOR2CD43\/IMG_5181.HEIC.jpeg\" data-image=\"https:\/\/images.squarespace-cdn.com\/content\/v1\/5b03230c96e76f07bac36cae\/1589404366224-XOCOE445BXBQSOR2CD43\/IMG_5181.HEIC.jpeg\" data-image-dimensions=\"2500x2500\" data-image-focal-point=\"0.5,0.5\" alt=\"Sarah with her daughters, Flora and Celeste, nibbling on some Finca produce!\" data-load=\"false\" width=\"2500\" height=\"2500\" sizes=\"100vw\" style=\"display:block;object-fit: cover; width: 100%; height: 100%; object-position: 50% 50%\" srcset=\"https:\/\/images.squarespace-cdn.com\/content\/v1\/5b03230c96e76f07bac36cae\/1589404366224-XOCOE445BXBQSOR2CD43\/IMG_5181.HEIC.jpeg?format=100w 100w, https:\/\/images.squarespace-cdn.com\/content\/v1\/5b03230c96e76f07bac36cae\/1589404366224-XOCOE445BXBQSOR2CD43\/IMG_5181.HEIC.jpeg?format=300w 300w, https:\/\/images.squarespace-cdn.com\/content\/v1\/5b03230c96e76f07bac36cae\/1589404366224-XOCOE445BXBQSOR2CD43\/IMG_5181.HEIC.jpeg?format=500w 500w, https:\/\/images.squarespace-cdn.com\/content\/v1\/5b03230c96e76f07bac36cae\/1589404366224-XOCOE445BXBQSOR2CD43\/IMG_5181.HEIC.jpeg?format=750w 750w, https:\/\/images.squarespace-cdn.com\/content\/v1\/5b03230c96e76f07bac36cae\/1589404366224-XOCOE445BXBQSOR2CD43\/IMG_5181.HEIC.jpeg?format=1000w 1000w, https:\/\/images.squarespace-cdn.com\/content\/v1\/5b03230c96e76f07bac36cae\/1589404366224-XOCOE445BXBQSOR2CD43\/IMG_5181.HEIC.jpeg?format=1500w 1500w, https:\/\/images.squarespace-cdn.com\/content\/v1\/5b03230c96e76f07bac36cae\/1589404366224-XOCOE445BXBQSOR2CD43\/IMG_5181.HEIC.jpeg?format=2500w 2500w\" loading=\"lazy\" decoding=\"async\" data-loader=\"sqs\"><\/p><\/div>\n<\/p><\/div><figcaption class=\"image-caption-wrapper\">\n<div class=\"image-caption\">\n<p class=\"\">\u00a1Sarah con sus hijas, Flora y Celeste, mordisqueando algunos productos de la finca!<\/p>\n<\/div>\n<\/figcaption><\/figure>\n<\/p><\/div>\n<div class=\"sqs-html-content\">\n<p class=\"\" style=\"white-space:pre-wrap;\">Sarah Arvidsson es una de nuestros queridos miembros de CSA que, desde que se uni\u00f3 en 2016, ha apoyado nuestra granja en m\u00e1s formas de las que podemos empezar a contar. Desde dar clases de masa madre y pasteles hasta ser voluntaria y asistir a eventos, y recoger su CSA cada semana con palabras amables para compartir y una c\u00e1lida sonrisa, Sarah es el verdadero significado de la familia.<\/p>\n<p class=\"\" style=\"white-space:pre-wrap;\">1. \u00bfA qu\u00e9 te dedicas? \u00bfCu\u00e1les son tus aficiones?<\/p>\n<p style=\"margin-left:40px;white-space:pre-wrap;\" class=\"\"><em>Soy maestra de lectura y escritura de tercer grado en la Escuela Primaria Seguin, un campus de HISD cerca de Hobby. Sol\u00eda ser abogado, pero no me encantaba. Para divertirme, me encanta hornear (pasteles, galletas y masa madre), observar aves, hacer jardiner\u00eda y acampar.&nbsp;<\/em><\/p>\n<p class=\"\" style=\"white-space:pre-wrap;\">2. \u00bfCu\u00e1ndo y por qu\u00e9 se hizo miembro de CSA?\/ \u00bfCu\u00e1ndo fue su primera visita a la finca?<\/p>\n<p style=\"margin-left:40px;white-space:pre-wrap;\" class=\"\"><em>Nos convertimos en miembros en la primavera de 2016. Tengo el gran privilegio de haber crecido con un jard\u00edn trasero muy bien cuidado que me arruin\u00f3 de por vida con tomates y hierbas fuera de temporada del supermercado. &nbsp;&nbsp;<\/em><\/p>\n<p style=\"margin-left:40px;white-space:pre-wrap;\" class=\"\"><em><br \/>Mi primera visita a la granja fue en el oto\u00f1o de 2015. Tommy y yo nos sentamos bajo los \u00e1rboles junto con el estudio de mi casa y planificamos mi huerto juntos. Ese jard\u00edn le ha dado mucho a mi familia y ha sido una fuente de alegr\u00eda y conexi\u00f3n para m\u00ed.<\/em><\/p>\n<\/div>\n<div\n        class=\"image-block-outer-wrapper          layout-caption-below          design-layout-inline          combination-animation-none          individual-animation-none          individual-text-animation-none\"\n        data-test=\"image-block-inline-outer-wrapper\"\n    ><\/p>\n<figure\n            class=\"sqs-block-image-figure              intrinsic\"\n            style=\"max-width:2500px;\"\n        ><\/p>\n<div\n              \n              \n              class=\"image-block-wrapper\"\n              data-animation-role=\"image\"\n              \n  \n\n          ><\/p>\n<div class=\"sqs-image-shape-container-element                                              has-aspect-ratio\" style=\"                position: relative;                                  padding-bottom:100%;                                overflow: hidden;-webkit-mask-image: -webkit-radial-gradient(white, black);              \"\n              ><\/p>\n<p>                  <img data-stretch=\"false\" src=\"https:\/\/images.squarespace-cdn.com\/content\/v1\/5b03230c96e76f07bac36cae\/1589404491671-9LZVM7UEITI1U4G5VBHZ\/IMG_0391.JPG\" data-image=\"https:\/\/images.squarespace-cdn.com\/content\/v1\/5b03230c96e76f07bac36cae\/1589404491671-9LZVM7UEITI1U4G5VBHZ\/IMG_0391.JPG\" data-image-dimensions=\"2500x2500\" data-image-focal-point=\"0.5,0.5\" alt=\"Sara'h\u2019s beautiful at-home garden\" data-load=\"false\" width=\"2500\" height=\"2500\" sizes=\"100vw\" style=\"display:block;object-fit: cover; width: 100%; height: 100%; object-position: 50% 50%\" srcset=\"https:\/\/images.squarespace-cdn.com\/content\/v1\/5b03230c96e76f07bac36cae\/1589404491671-9LZVM7UEITI1U4G5VBHZ\/IMG_0391.JPG?format=100w 100w, https:\/\/images.squarespace-cdn.com\/content\/v1\/5b03230c96e76f07bac36cae\/1589404491671-9LZVM7UEITI1U4G5VBHZ\/IMG_0391.JPG?format=300w 300w, https:\/\/images.squarespace-cdn.com\/content\/v1\/5b03230c96e76f07bac36cae\/1589404491671-9LZVM7UEITI1U4G5VBHZ\/IMG_0391.JPG?format=500w 500w, https:\/\/images.squarespace-cdn.com\/content\/v1\/5b03230c96e76f07bac36cae\/1589404491671-9LZVM7UEITI1U4G5VBHZ\/IMG_0391.JPG?format=750w 750w, https:\/\/images.squarespace-cdn.com\/content\/v1\/5b03230c96e76f07bac36cae\/1589404491671-9LZVM7UEITI1U4G5VBHZ\/IMG_0391.JPG?format=1000w 1000w, https:\/\/images.squarespace-cdn.com\/content\/v1\/5b03230c96e76f07bac36cae\/1589404491671-9LZVM7UEITI1U4G5VBHZ\/IMG_0391.JPG?format=1500w 1500w, https:\/\/images.squarespace-cdn.com\/content\/v1\/5b03230c96e76f07bac36cae\/1589404491671-9LZVM7UEITI1U4G5VBHZ\/IMG_0391.JPG?format=2500w 2500w\" loading=\"lazy\" decoding=\"async\" data-loader=\"sqs\"><\/p><\/div>\n<\/p><\/div><figcaption class=\"image-caption-wrapper\">\n<div class=\"image-caption\">\n<p class=\"\">El hermoso jard\u00edn de Sara&#039;h en casa<\/p>\n<\/div>\n<\/figcaption><\/figure>\n<\/p><\/div>\n<div class=\"sqs-html-content\">\n<p class=\"\" style=\"white-space:pre-wrap;\">3. \u00bfCu\u00e1l es el producto de finca favorito de usted o de su familia?&nbsp;<\/p>\n<p style=\"margin-left:40px;white-space:pre-wrap;\" class=\"\"><em>Mis favoritos son los tomates y la albahaca. Un tomate, calentito por el sol, con sal, pimienta y un buen vinagre es sin duda mi comida favorita. A mi Celeste, de 4 a\u00f1os, le encanta comer jud\u00edas verdes; las guardamos en el fondo del refrigerador para que pueda comerlas cuando le convenga. A mi marido le encantan los pepinos. \u00c9l es de Suecia y los come en s\u00e1ndwiches abiertos con mantequilla y queso.&nbsp;<\/em><\/p>\n<p class=\"\" style=\"white-space:pre-wrap;\">4. \u00bfCu\u00e1l es tu forma favorita de utilizar nuestros productos? <\/p>\n<p style=\"margin-left:40px;white-space:pre-wrap;\" class=\"\"><em>Me encanta una ensalada sencilla con tomates en rodajas, albahaca picada, aceite de oliva, un buen vinagre bals\u00e1mico, sal y pimienta. Es mi almuerzo favorito durante todo el verano, a menudo acompa\u00f1ado de un buen trozo de pan para mojar. &nbsp;<\/em><\/p>\n<p class=\"\" style=\"white-space:pre-wrap;\">5. \u00bfCu\u00e1l es tu mejor recuerdo de Finca?<\/p>\n<p style=\"margin-left:40px;white-space:pre-wrap;\" class=\"\"><em>Tengo que compartir algunos.<\/em><\/p>\n<p style=\"margin-left:40px;white-space:pre-wrap;\" class=\"\"><em><br \/>Impartir mis clases de masa madre y conocer a tanta gente que ama el pan. Ense\u00f1ando mi clase de pasteles navide\u00f1os: algunos de mis mejores amigos vinieron y nos pusimos completamente decadentes con nuestros pasteles fritos. Pasar d\u00edas cubiertos de harina horneando divertidos dulces para grandes fiestas en la granja. Esperando a que deje de llover para preparar pasteles para la boda incre\u00edblemente divertida de Christi y Michael. Planificando el jard\u00edn de mi patio trasero con Tommy. Ver hermosos tomates en iniciaci\u00f3n llegar a mi auto durante una recogida en el auto cuando hab\u00eda aceptado que no podr\u00eda cultivar tomates este a\u00f1o. Aprendiendo a hacer tortillas de harina del Cesar. Ver crecer a los beb\u00e9s durante nuestras comidas compartidas. Ser voluntario los s\u00e1bados en tiempos dif\u00edciles y procesar emociones dif\u00edciles con buen trabajo. Pintando tranquilamente con Ceci y Tommy. Practicando yoga bajo los robles con Malone. Beber cualquier cantidad de c\u00f3cteles elaborados por expertos de Ceci (y ni siquiera soy un bebedor). &nbsp;<\/em><\/p>\n<p class=\"\" data-rte-preserve-empty=\"true\" style=\"white-space:pre-wrap;\">\n<\/div>\n<div\n        class=\"image-block-outer-wrapper          layout-caption-below          design-layout-inline          combination-animation-none          individual-animation-none          individual-text-animation-none\"\n        data-test=\"image-block-inline-outer-wrapper\"\n    ><\/p>\n<figure\n            class=\"sqs-block-image-figure              intrinsic\"\n            style=\"max-width:362px;\"\n        ><\/p>\n<div\n              \n              \n              class=\"image-block-wrapper\"\n              data-animation-role=\"image\"\n              \n  \n\n          ><\/p>\n<div class=\"sqs-image-shape-container-element                                              has-aspect-ratio\" style=\"                position: relative;                                  padding-bottom:74.58563232421875%;                                overflow: hidden;-webkit-mask-image: -webkit-radial-gradient(white, black);              \"\n              ><\/p>\n<p>                  <img data-stretch=\"false\" src=\"https:\/\/images.squarespace-cdn.com\/content\/v1\/5b03230c96e76f07bac36cae\/1589405235655-SQMT79ZFHRR2T7LNHKC2\/image0.jpeg\" data-image=\"https:\/\/images.squarespace-cdn.com\/content\/v1\/5b03230c96e76f07bac36cae\/1589405235655-SQMT79ZFHRR2T7LNHKC2\/image0.jpeg\" data-image-dimensions=\"362x270\" data-image-focal-point=\"0.5,0.5\" alt=\"A delicious pie from one of Sarah\u2019s pie classes held at the farm!\" data-load=\"false\" width=\"362\" height=\"270\" sizes=\"100vw\" style=\"display:block;object-fit: cover; width: 100%; height: 100%; object-position: 50% 50%\" srcset=\"https:\/\/images.squarespace-cdn.com\/content\/v1\/5b03230c96e76f07bac36cae\/1589405235655-SQMT79ZFHRR2T7LNHKC2\/image0.jpeg?format=100w 100w, https:\/\/images.squarespace-cdn.com\/content\/v1\/5b03230c96e76f07bac36cae\/1589405235655-SQMT79ZFHRR2T7LNHKC2\/image0.jpeg?format=300w 300w, https:\/\/images.squarespace-cdn.com\/content\/v1\/5b03230c96e76f07bac36cae\/1589405235655-SQMT79ZFHRR2T7LNHKC2\/image0.jpeg?format=500w 500w, https:\/\/images.squarespace-cdn.com\/content\/v1\/5b03230c96e76f07bac36cae\/1589405235655-SQMT79ZFHRR2T7LNHKC2\/image0.jpeg?format=750w 750w, https:\/\/images.squarespace-cdn.com\/content\/v1\/5b03230c96e76f07bac36cae\/1589405235655-SQMT79ZFHRR2T7LNHKC2\/image0.jpeg?format=1000w 1000w, https:\/\/images.squarespace-cdn.com\/content\/v1\/5b03230c96e76f07bac36cae\/1589405235655-SQMT79ZFHRR2T7LNHKC2\/image0.jpeg?format=1500w 1500w, https:\/\/images.squarespace-cdn.com\/content\/v1\/5b03230c96e76f07bac36cae\/1589405235655-SQMT79ZFHRR2T7LNHKC2\/image0.jpeg?format=2500w 2500w\" loading=\"lazy\" decoding=\"async\" data-loader=\"sqs\"><\/p><\/div>\n<\/p><\/div><figcaption class=\"image-caption-wrapper\">\n<div class=\"image-caption\">\n<p class=\"\">\u00a1Un delicioso pastel de una de las clases de pastel de Sarah celebradas en la granja!<\/p>\n<\/div>\n<\/figcaption><\/figure>\n<\/p><\/div>\n<div\n        class=\"image-block-outer-wrapper          layout-caption-below          design-layout-inline          combination-animation-none          individual-animation-none          individual-text-animation-none\"\n        data-test=\"image-block-inline-outer-wrapper\"\n    ><\/p>\n<figure\n            class=\"sqs-block-image-figure              intrinsic\"\n            style=\"max-width:362px;\"\n        ><\/p>\n<div\n              \n              \n              class=\"image-block-wrapper\"\n              data-animation-role=\"image\"\n              \n  \n\n          ><\/p>\n<div class=\"sqs-image-shape-container-element                                              has-aspect-ratio\" style=\"                position: relative;                                  padding-bottom:74.58563232421875%;                                overflow: hidden;-webkit-mask-image: -webkit-radial-gradient(white, black);              \"\n              ><\/p>\n<p>                  <img data-stretch=\"false\" src=\"https:\/\/images.squarespace-cdn.com\/content\/v1\/5b03230c96e76f07bac36cae\/1589405292023-CTVPISQMCGDIHLYTZE5P\/image1-2.jpeg\" data-image=\"https:\/\/images.squarespace-cdn.com\/content\/v1\/5b03230c96e76f07bac36cae\/1589405292023-CTVPISQMCGDIHLYTZE5P\/image1-2.jpeg\" data-image-dimensions=\"362x270\" data-image-focal-point=\"0.5,0.5\" alt=\"The Green Zebra dance performance held at the farm.\" data-load=\"false\" width=\"362\" height=\"270\" sizes=\"100vw\" style=\"display:block;object-fit: cover; width: 100%; height: 100%; object-position: 50% 50%\" srcset=\"https:\/\/images.squarespace-cdn.com\/content\/v1\/5b03230c96e76f07bac36cae\/1589405292023-CTVPISQMCGDIHLYTZE5P\/image1-2.jpeg?format=100w 100w, https:\/\/images.squarespace-cdn.com\/content\/v1\/5b03230c96e76f07bac36cae\/1589405292023-CTVPISQMCGDIHLYTZE5P\/image1-2.jpeg?format=300w 300w, https:\/\/images.squarespace-cdn.com\/content\/v1\/5b03230c96e76f07bac36cae\/1589405292023-CTVPISQMCGDIHLYTZE5P\/image1-2.jpeg?format=500w 500w, https:\/\/images.squarespace-cdn.com\/content\/v1\/5b03230c96e76f07bac36cae\/1589405292023-CTVPISQMCGDIHLYTZE5P\/image1-2.jpeg?format=750w 750w, https:\/\/images.squarespace-cdn.com\/content\/v1\/5b03230c96e76f07bac36cae\/1589405292023-CTVPISQMCGDIHLYTZE5P\/image1-2.jpeg?format=1000w 1000w, https:\/\/images.squarespace-cdn.com\/content\/v1\/5b03230c96e76f07bac36cae\/1589405292023-CTVPISQMCGDIHLYTZE5P\/image1-2.jpeg?format=1500w 1500w, https:\/\/images.squarespace-cdn.com\/content\/v1\/5b03230c96e76f07bac36cae\/1589405292023-CTVPISQMCGDIHLYTZE5P\/image1-2.jpeg?format=2500w 2500w\" loading=\"lazy\" decoding=\"async\" data-loader=\"sqs\"><\/p><\/div>\n<\/p><\/div><figcaption class=\"image-caption-wrapper\">\n<div class=\"image-caption\">\n<p class=\"\">El espect\u00e1culo de danza Green Zebra realizado en la finca.<\/p>\n<\/div>\n<\/figcaption><\/figure>\n<\/p><\/div>\n<div class=\"sqs-html-content\">\n<p class=\"\" style=\"white-space:pre-wrap;\">6. \u00bfCu\u00e1l es tu parte favorita de vivir\/trabajar en el East End?<\/p>\n<p style=\"margin-left:40px;white-space:pre-wrap;\" class=\"\"><em>Me encanta que suena a M\u00e9xico de noche. Me encanta el pan dulce incre\u00edble. Me encanta lo exuberante y tropical que se siente en primavera incluso en medio de la ciudad. Me encanta andar en bicicleta desde el centro hasta Discovery Green. Mi familia es de Nuevo Le\u00f3n y me encantan las peque\u00f1as conexiones que hay en todo el vecindario con ese lugar. Me encanta que se siente como una ciudad peque\u00f1a y me cruzo con gente que conozco casi cada vez que salgo. Me encanta que los ni\u00f1os jueguen afuera y los vecinos se sienten en sus porches por la noche. Me encanta que huele a caf\u00e9. Me encanta correr en Mason Park. Me encanta que Finca est\u00e9 aqu\u00ed, en medio del ruido de la industria, cultivando alimentos para alimentar a mi familia.&nbsp;<\/em><\/p>\n<p class=\"\" style=\"white-space:pre-wrap;\">7. Cualquier otro comentario\/recuerdo sobre Finca Tres Robles:<\/p>\n<p style=\"margin-left:40px;white-space:pre-wrap;\" class=\"\"><em>Finca Tres Robles enriquece mi vida de manera profunda e inconmensurable. Aprecio profundamente el trabajo que realizan y la forma gentil en que conducen a nuestra comunidad hacia un futuro mejor.<\/em><\/p>\n<\/div>","protected":false},"excerpt":{"rendered":"<p class=\"\">Sarah Arvidsson es una de nuestros queridos miembros de CSA que, desde que se uni\u00f3 en 2016, ha apoyado nuestra granja en m\u00e1s formas de las que podemos empezar a contar. Desde dar clases de masa madre y pasteles hasta ser voluntaria y asistir a eventos, y recoger su CSA cada semana con palabras amables para compartir y una c\u00e1lida sonrisa, Sarah es el verdadero significado de la familia.<\/p>","protected":false},"author":1,"featured_media":102,"comment_status":"closed","ping_status":"open","sticky":false,"template":"","format":"standard","meta":{"_et_pb_use_builder":"","_et_pb_old_content":"","_et_gb_content_width":"","_monsterinsights_skip_tracking":false,"_monsterinsights_sitenote_active":false,"_monsterinsights_sitenote_note":"","_monsterinsights_sitenote_category":0,"_jetpack_memberships_contains_paid_content":false,"footnotes":""},"categories":[18],"tags":[],"class_list":["post-101","post","type-post","status-publish","format-standard","has-post-thumbnail","hentry","category-news"],"yoast_head":"<!-- This site is optimized with the Yoast SEO plugin v27.5 - https:\/\/yoast.com\/product\/yoast-seo-wordpress\/ -->\n<title>CSA Member Spotlight: Sarah Arvidsson - Small Places<\/title>\n<meta name=\"robots\" content=\"index, follow, max-snippet:-1, max-image-preview:large, max-video-preview:-1\" \/>\n<link rel=\"canonical\" href=\"https:\/\/smallplaces.org\/es\/blog\/101\/\" \/>\n<meta property=\"og:locale\" content=\"es_MX\" \/>\n<meta property=\"og:type\" content=\"article\" \/>\n<meta property=\"og:title\" content=\"CSA Member Spotlight: Sarah Arvidsson - Small Places\" \/>\n<meta property=\"og:description\" content=\"Sarah Arvidsson is one of our beloved CSA members who, since her joining in 2016, has supported our farm in more ways than we can even begin to count. From teaching sourdough and pie classes, to volunteering and attending events, and picking up her CSA every week with kind words to share and a warm smile, Sarah is the true meaning of family.\" \/>\n<meta property=\"og:url\" content=\"https:\/\/smallplaces.org\/es\/blog\/101\/\" \/>\n<meta property=\"og:site_name\" content=\"Small Places\" \/>\n<meta property=\"article:published_time\" content=\"2020-05-13T22:05:43+00:00\" \/>\n<meta property=\"og:image\" content=\"https:\/\/images.squarespace-cdn.com\/content\/v1\/5b03230c96e76f07bac36cae\/1589404366224-XOCOE445BXBQSOR2CD43\/IMG_5181.HEIC.jpeg\" \/>\n<meta name=\"author\" content=\"Small Places Staff\" \/>\n<meta name=\"twitter:card\" content=\"summary_large_image\" \/>\n<meta name=\"twitter:label1\" content=\"Escrito por\" \/>\n\t<meta name=\"twitter:data1\" content=\"Small Places Staff\" \/>\n\t<meta name=\"twitter:label2\" content=\"Tiempo de lectura\" \/>\n\t<meta name=\"twitter:data2\" content=\"4 minutos\" \/>\n<script type=\"application\/ld+json\" class=\"yoast-schema-graph\">{\"@context\":\"https:\\\/\\\/schema.org\",\"@graph\":[{\"@type\":\"Article\",\"@id\":\"https:\\\/\\\/smallplaces.org\\\/blog\\\/101\\\/#article\",\"isPartOf\":{\"@id\":\"https:\\\/\\\/smallplaces.org\\\/blog\\\/101\\\/\"},\"author\":{\"name\":\"Small Places Staff\",\"@id\":\"https:\\\/\\\/smallplaces.org\\\/#\\\/schema\\\/person\\\/9f39585b577481769ec48734a302effc\"},\"headline\":\"CSA Member Spotlight: Sarah Arvidsson\",\"datePublished\":\"2020-05-13T22:05:43+00:00\",\"mainEntityOfPage\":{\"@id\":\"https:\\\/\\\/smallplaces.org\\\/blog\\\/101\\\/\"},\"wordCount\":757,\"publisher\":{\"@id\":\"https:\\\/\\\/smallplaces.org\\\/#organization\"},\"image\":{\"@id\":\"https:\\\/\\\/smallplaces.org\\\/blog\\\/101\\\/#primaryimage\"},\"thumbnailUrl\":\"https:\\\/\\\/smallplaces.org\\\/wp-content\\\/uploads\\\/2020\\\/05\\\/IMG_5181.HEIC.jpg\",\"articleSection\":[\"News\"],\"inLanguage\":\"es\"},{\"@type\":\"WebPage\",\"@id\":\"https:\\\/\\\/smallplaces.org\\\/blog\\\/101\\\/\",\"url\":\"https:\\\/\\\/smallplaces.org\\\/blog\\\/101\\\/\",\"name\":\"CSA Member Spotlight: Sarah Arvidsson - Small Places\",\"isPartOf\":{\"@id\":\"https:\\\/\\\/smallplaces.org\\\/#website\"},\"primaryImageOfPage\":{\"@id\":\"https:\\\/\\\/smallplaces.org\\\/blog\\\/101\\\/#primaryimage\"},\"image\":{\"@id\":\"https:\\\/\\\/smallplaces.org\\\/blog\\\/101\\\/#primaryimage\"},\"thumbnailUrl\":\"https:\\\/\\\/smallplaces.org\\\/wp-content\\\/uploads\\\/2020\\\/05\\\/IMG_5181.HEIC.jpg\",\"datePublished\":\"2020-05-13T22:05:43+00:00\",\"breadcrumb\":{\"@id\":\"https:\\\/\\\/smallplaces.org\\\/blog\\\/101\\\/#breadcrumb\"},\"inLanguage\":\"es\",\"potentialAction\":[{\"@type\":\"ReadAction\",\"target\":[\"https:\\\/\\\/smallplaces.org\\\/blog\\\/101\\\/\"]}]},{\"@type\":\"ImageObject\",\"inLanguage\":\"es\",\"@id\":\"https:\\\/\\\/smallplaces.org\\\/blog\\\/101\\\/#primaryimage\",\"url\":\"https:\\\/\\\/smallplaces.org\\\/wp-content\\\/uploads\\\/2020\\\/05\\\/IMG_5181.HEIC.jpg\",\"contentUrl\":\"https:\\\/\\\/smallplaces.org\\\/wp-content\\\/uploads\\\/2020\\\/05\\\/IMG_5181.HEIC.jpg\",\"width\":2500,\"height\":1874,\"caption\":\"exc-5ebc629dd0773c72f393a9a6\"},{\"@type\":\"BreadcrumbList\",\"@id\":\"https:\\\/\\\/smallplaces.org\\\/blog\\\/101\\\/#breadcrumb\",\"itemListElement\":[{\"@type\":\"ListItem\",\"position\":1,\"name\":\"Home\",\"item\":\"https:\\\/\\\/smallplaces.org\\\/\"},{\"@type\":\"ListItem\",\"position\":2,\"name\":\"CSA Member Spotlight: Sarah Arvidsson\"}]},{\"@type\":\"WebSite\",\"@id\":\"https:\\\/\\\/smallplaces.org\\\/#website\",\"url\":\"https:\\\/\\\/smallplaces.org\\\/\",\"name\":\"Small Places\",\"description\":\"Small places matter.\",\"publisher\":{\"@id\":\"https:\\\/\\\/smallplaces.org\\\/#organization\"},\"potentialAction\":[{\"@type\":\"SearchAction\",\"target\":{\"@type\":\"EntryPoint\",\"urlTemplate\":\"https:\\\/\\\/smallplaces.org\\\/?s={search_term_string}\"},\"query-input\":{\"@type\":\"PropertyValueSpecification\",\"valueRequired\":true,\"valueName\":\"search_term_string\"}}],\"inLanguage\":\"es\"},{\"@type\":\"Organization\",\"@id\":\"https:\\\/\\\/smallplaces.org\\\/#organization\",\"name\":\"Small Places\",\"url\":\"https:\\\/\\\/smallplaces.org\\\/\",\"logo\":{\"@type\":\"ImageObject\",\"inLanguage\":\"es\",\"@id\":\"https:\\\/\\\/smallplaces.org\\\/#\\\/schema\\\/logo\\\/image\\\/\",\"url\":\"https:\\\/\\\/smallplaces.wpengine.com\\\/wp-content\\\/uploads\\\/2022\\\/07\\\/Logo-RefreshMockups-Horizontal.png\",\"contentUrl\":\"https:\\\/\\\/smallplaces.wpengine.com\\\/wp-content\\\/uploads\\\/2022\\\/07\\\/Logo-RefreshMockups-Horizontal.png\",\"width\":594,\"height\":224,\"caption\":\"Small Places\"},\"image\":{\"@id\":\"https:\\\/\\\/smallplaces.org\\\/#\\\/schema\\\/logo\\\/image\\\/\"}},{\"@type\":\"Person\",\"@id\":\"https:\\\/\\\/smallplaces.org\\\/#\\\/schema\\\/person\\\/9f39585b577481769ec48734a302effc\",\"name\":\"Small Places Staff\",\"image\":{\"@type\":\"ImageObject\",\"inLanguage\":\"es\",\"@id\":\"https:\\\/\\\/secure.gravatar.com\\\/avatar\\\/eec16c97558ff629a25092475682934fe9bced1766bec32de1fe50d710d3049e?s=96&d=mm&r=g\",\"url\":\"https:\\\/\\\/secure.gravatar.com\\\/avatar\\\/eec16c97558ff629a25092475682934fe9bced1766bec32de1fe50d710d3049e?s=96&d=mm&r=g\",\"contentUrl\":\"https:\\\/\\\/secure.gravatar.com\\\/avatar\\\/eec16c97558ff629a25092475682934fe9bced1766bec32de1fe50d710d3049e?s=96&d=mm&r=g\",\"caption\":\"Small Places Staff\"},\"sameAs\":[\"https:\\\/\\\/smallplaces.wpengine.com\"],\"url\":\"https:\\\/\\\/smallplaces.org\\\/es\\\/blog\\\/author\\\/smallplaces\\\/\"}]}<\/script>\n<!-- \/ Yoast SEO plugin. -->","yoast_head_json":{"title":"CSA Member Spotlight: Sarah Arvidsson - Small Places","robots":{"index":"index","follow":"follow","max-snippet":"max-snippet:-1","max-image-preview":"max-image-preview:large","max-video-preview":"max-video-preview:-1"},"canonical":"https:\/\/smallplaces.org\/es\/blog\/101\/","og_locale":"es_MX","og_type":"article","og_title":"CSA Member Spotlight: Sarah Arvidsson - Small Places","og_description":"Sarah Arvidsson is one of our beloved CSA members who, since her joining in 2016, has supported our farm in more ways than we can even begin to count. From teaching sourdough and pie classes, to volunteering and attending events, and picking up her CSA every week with kind words to share and a warm smile, Sarah is the true meaning of family.","og_url":"https:\/\/smallplaces.org\/es\/blog\/101\/","og_site_name":"Small Places","article_published_time":"2020-05-13T22:05:43+00:00","og_image":[{"url":"https:\/\/images.squarespace-cdn.com\/content\/v1\/5b03230c96e76f07bac36cae\/1589404366224-XOCOE445BXBQSOR2CD43\/IMG_5181.HEIC.jpeg","type":"","width":"","height":""}],"author":"Small Places Staff","twitter_card":"summary_large_image","twitter_misc":{"Escrito por":"Small Places Staff","Tiempo de lectura":"4 minutos"},"schema":{"@context":"https:\/\/schema.org","@graph":[{"@type":"Article","@id":"https:\/\/smallplaces.org\/blog\/101\/#article","isPartOf":{"@id":"https:\/\/smallplaces.org\/blog\/101\/"},"author":{"name":"Small Places Staff","@id":"https:\/\/smallplaces.org\/#\/schema\/person\/9f39585b577481769ec48734a302effc"},"headline":"CSA Member Spotlight: Sarah Arvidsson","datePublished":"2020-05-13T22:05:43+00:00","mainEntityOfPage":{"@id":"https:\/\/smallplaces.org\/blog\/101\/"},"wordCount":757,"publisher":{"@id":"https:\/\/smallplaces.org\/#organization"},"image":{"@id":"https:\/\/smallplaces.org\/blog\/101\/#primaryimage"},"thumbnailUrl":"https:\/\/smallplaces.org\/wp-content\/uploads\/2020\/05\/IMG_5181.HEIC.jpg","articleSection":["News"],"inLanguage":"es"},{"@type":"WebPage","@id":"https:\/\/smallplaces.org\/blog\/101\/","url":"https:\/\/smallplaces.org\/blog\/101\/","name":"CSA Member Spotlight: Sarah Arvidsson - Small Places","isPartOf":{"@id":"https:\/\/smallplaces.org\/#website"},"primaryImageOfPage":{"@id":"https:\/\/smallplaces.org\/blog\/101\/#primaryimage"},"image":{"@id":"https:\/\/smallplaces.org\/blog\/101\/#primaryimage"},"thumbnailUrl":"https:\/\/smallplaces.org\/wp-content\/uploads\/2020\/05\/IMG_5181.HEIC.jpg","datePublished":"2020-05-13T22:05:43+00:00","breadcrumb":{"@id":"https:\/\/smallplaces.org\/blog\/101\/#breadcrumb"},"inLanguage":"es","potentialAction":[{"@type":"ReadAction","target":["https:\/\/smallplaces.org\/blog\/101\/"]}]},{"@type":"ImageObject","inLanguage":"es","@id":"https:\/\/smallplaces.org\/blog\/101\/#primaryimage","url":"https:\/\/smallplaces.org\/wp-content\/uploads\/2020\/05\/IMG_5181.HEIC.jpg","contentUrl":"https:\/\/smallplaces.org\/wp-content\/uploads\/2020\/05\/IMG_5181.HEIC.jpg","width":2500,"height":1874,"caption":"exc-5ebc629dd0773c72f393a9a6"},{"@type":"BreadcrumbList","@id":"https:\/\/smallplaces.org\/blog\/101\/#breadcrumb","itemListElement":[{"@type":"ListItem","position":1,"name":"Home","item":"https:\/\/smallplaces.org\/"},{"@type":"ListItem","position":2,"name":"CSA Member Spotlight: Sarah Arvidsson"}]},{"@type":"WebSite","@id":"https:\/\/smallplaces.org\/#website","url":"https:\/\/smallplaces.org\/","name":"Lugares peque\u00f1os","description":"Los lugares peque\u00f1os importan.","publisher":{"@id":"https:\/\/smallplaces.org\/#organization"},"potentialAction":[{"@type":"SearchAction","target":{"@type":"EntryPoint","urlTemplate":"https:\/\/smallplaces.org\/?s={search_term_string}"},"query-input":{"@type":"PropertyValueSpecification","valueRequired":true,"valueName":"search_term_string"}}],"inLanguage":"es"},{"@type":"Organization","@id":"https:\/\/smallplaces.org\/#organization","name":"Lugares peque\u00f1os","url":"https:\/\/smallplaces.org\/","logo":{"@type":"ImageObject","inLanguage":"es","@id":"https:\/\/smallplaces.org\/#\/schema\/logo\/image\/","url":"https:\/\/smallplaces.wpengine.com\/wp-content\/uploads\/2022\/07\/Logo-RefreshMockups-Horizontal.png","contentUrl":"https:\/\/smallplaces.wpengine.com\/wp-content\/uploads\/2022\/07\/Logo-RefreshMockups-Horizontal.png","width":594,"height":224,"caption":"Small Places"},"image":{"@id":"https:\/\/smallplaces.org\/#\/schema\/logo\/image\/"}},{"@type":"Person","@id":"https:\/\/smallplaces.org\/#\/schema\/person\/9f39585b577481769ec48734a302effc","name":"Personal de lugares peque\u00f1os","image":{"@type":"ImageObject","inLanguage":"es","@id":"https:\/\/secure.gravatar.com\/avatar\/eec16c97558ff629a25092475682934fe9bced1766bec32de1fe50d710d3049e?s=96&d=mm&r=g","url":"https:\/\/secure.gravatar.com\/avatar\/eec16c97558ff629a25092475682934fe9bced1766bec32de1fe50d710d3049e?s=96&d=mm&r=g","contentUrl":"https:\/\/secure.gravatar.com\/avatar\/eec16c97558ff629a25092475682934fe9bced1766bec32de1fe50d710d3049e?s=96&d=mm&r=g","caption":"Small Places Staff"},"sameAs":["https:\/\/smallplaces.wpengine.com"],"url":"https:\/\/smallplaces.org\/es\/blog\/author\/smallplaces\/"}]}},"featured_image_src":"https:\/\/smallplaces.org\/wp-content\/uploads\/2020\/05\/IMG_5181.HEIC-600x400.jpg","featured_image_src_square":"https:\/\/smallplaces.org\/wp-content\/uploads\/2020\/05\/IMG_5181.HEIC-600x600.jpg","author_info":{"display_name":"Small Places Staff","author_link":"https:\/\/smallplaces.org\/es\/blog\/author\/smallplaces\/"},"jetpack_featured_media_url":"https:\/\/smallplaces.org\/wp-content\/uploads\/2020\/05\/IMG_5181.HEIC.jpg","jetpack_sharing_enabled":true,"_links":{"self":[{"href":"https:\/\/smallplaces.org\/es\/wp-json\/wp\/v2\/posts\/101","targetHints":{"allow":["GET"]}}],"collection":[{"href":"https:\/\/smallplaces.org\/es\/wp-json\/wp\/v2\/posts"}],"about":[{"href":"https:\/\/smallplaces.org\/es\/wp-json\/wp\/v2\/types\/post"}],"author":[{"embeddable":true,"href":"https:\/\/smallplaces.org\/es\/wp-json\/wp\/v2\/users\/1"}],"replies":[{"embeddable":true,"href":"https:\/\/smallplaces.org\/es\/wp-json\/wp\/v2\/comments?post=101"}],"version-history":[{"count":0,"href":"https:\/\/smallplaces.org\/es\/wp-json\/wp\/v2\/posts\/101\/revisions"}],"wp:featuredmedia":[{"embeddable":true,"href":"https:\/\/smallplaces.org\/es\/wp-json\/wp\/v2\/media\/102"}],"wp:attachment":[{"href":"https:\/\/smallplaces.org\/es\/wp-json\/wp\/v2\/media?parent=101"}],"wp:term":[{"taxonomy":"category","embeddable":true,"href":"https:\/\/smallplaces.org\/es\/wp-json\/wp\/v2\/categories?post=101"},{"taxonomy":"post_tag","embeddable":true,"href":"https:\/\/smallplaces.org\/es\/wp-json\/wp\/v2\/tags?post=101"}],"curies":[{"name":"wp","href":"https:\/\/api.w.org\/{rel}","templated":true}]}}