{"id":770,"date":"2021-09-27T17:06:30","date_gmt":"2021-09-27T17:06:30","guid":{"rendered":"https:\/\/smallplaces.org\/blog\/770\/"},"modified":"2021-09-27T17:06:30","modified_gmt":"2021-09-27T17:06:30","slug":"2021-9-27-recetas-de-cesar-cano","status":"publish","type":"post","link":"http:\/\/smallplaces.org\/es\/blog\/770\/","title":{"rendered":"Recetas de C\u00e9sar Cano"},"content":{"rendered":"<div class=\"sqs-html-content\">\n<p class=\"\" style=\"white-space:pre-wrap;\"><strong><em>Nutrici\u00f3n con Coraz\u00f3n<\/em><\/strong><\/p>\n<p class=\"\" style=\"white-space:pre-wrap;\"><strong>semana <\/strong>6 de 6<\/p>\n<p class=\"\" style=\"white-space:pre-wrap;\">14 de septiembre de 2021<\/p>\n<h3 style=\"text-align:center;white-space:pre-wrap;\"><strong>Tostada de Aguacate con Hojas de Camote<\/strong><\/h3>\n<h3 style=\"text-align:center;white-space:pre-wrap;\"><strong>salteadas<\/strong><\/h3>\n<p class=\"\" style=\"white-space:pre-wrap;\"><strong>Preparaci\u00f3n: 25 minutos \/ Porciones: 2<\/strong><\/p>\n<p class=\"\" style=\"white-space:pre-wrap;\"><span style=\"text-decoration:underline\"><strong><em>Ingredientes<\/em><\/strong><\/span><strong>:<\/strong><\/p>\n<p class=\"\" style=\"white-space:pre-wrap;\"><strong>2 racimos de hojas de camote<\/strong><\/p>\n<p class=\"\" style=\"white-space:pre-wrap;\"><strong>2 cebollas verdes<\/strong><\/p>\n<p class=\"\" style=\"white-space:pre-wrap;\"><strong>1 diente de ajo<\/strong><\/p>\n<p class=\"\" style=\"white-space:pre-wrap;\"><strong>2 chiles morrones<\/strong><\/p>\n<p class=\"\" style=\"white-space:pre-wrap;\"><strong>aceite de cocina<\/strong><\/p>\n<p class=\"\" style=\"white-space:pre-wrap;\"><strong>sal al gusto<\/strong><\/p>\n<p class=\"\" style=\"white-space:pre-wrap;\"><strong>\u00bd oz de mantequilla<\/strong><\/p>\n<p class=\"\" style=\"white-space:pre-wrap;\"><strong>crema mexicana<\/strong><\/p>\n<p class=\"\" style=\"white-space:pre-wrap;\"><strong>1 aguacate<\/strong><\/p>\n<p class=\"\" style=\"white-space:pre-wrap;\"><strong>tostadas<\/strong><\/p>\n<p class=\"\" style=\"white-space:pre-wrap;\"><strong>Direcciones:<\/strong><\/p>\n<ol data-rte-list=\"default\">\n<li>\n<p class=\"\" style=\"white-space:pre-wrap;\"><strong>Lave todas las verduras en agua fr\u00eda. Lava la hoja de camote 3 \u2013 4 veces.<\/strong><\/p>\n<\/li>\n<li>\n<p class=\"\" style=\"white-space:pre-wrap;\"><strong>Corte la cebolla y el ajo en rebanadas delgadas y corte el chile morr\u00f3n en cuadritos peque\u00f1os.<\/strong><\/p>\n<\/li>\n<li>\n<p class=\"\" style=\"white-space:pre-wrap;\"><strong>Caliente una sart\u00e9n a temperatura media por 2 minutos.<\/strong><\/p>\n<\/li>\n<li>\n<p class=\"\" style=\"white-space:pre-wrap;\"><strong>Agrega suficiente aceite para cubrir ligeramente la base de la sart\u00e9n.<\/strong><\/p>\n<\/li>\n<li>\n<p class=\"\" style=\"white-space:pre-wrap;\"><strong>A\u00f1ada la cebolla, el ajo y el chile morr\u00f3n en la sart\u00e9n.<\/strong><\/p>\n<\/li>\n<li>\n<p class=\"\" style=\"white-space:pre-wrap;\"><strong>Cocine hasta que la cebolla se haga transparente, 3-4 minutos.<\/strong><\/p>\n<\/li>\n<li>\n<p class=\"\" style=\"white-space:pre-wrap;\"><strong>Suba la temperatura de la sart\u00e9n a fuego alto.<\/strong><\/p>\n<\/li>\n<li>\n<p class=\"\" style=\"white-space:pre-wrap;\"><strong>A\u00f1ada las hojas de camote.<\/strong><\/p>\n<\/li>\n<li>\n<p class=\"\" style=\"white-space:pre-wrap;\"><strong>Cocine por 1-2 minutos.<\/strong><\/p>\n<\/li>\n<li>\n<p class=\"\" style=\"white-space:pre-wrap;\"><strong>Sazone con sal a su gusto.<\/strong><\/p>\n<\/li>\n<li>\n<p class=\"\" style=\"white-space:pre-wrap;\"><strong>Cubra la tostada con crema mexicana<\/strong><\/p>\n<\/li>\n<li>\n<p class=\"\" style=\"white-space:pre-wrap;\"><strong>Ponga rebanadas de aguacate sobre la crema<\/strong><\/p>\n<\/li>\n<li>\n<p class=\"\" style=\"white-space:pre-wrap;\"><strong>Ponga las hojas de camote salteadas sobre el aguacate y disfrute<\/strong><\/p>\n<\/li>\n<\/ol>\n<p style=\"text-align:center;white-space:pre-wrap;\" class=\"\"><strong>Receta desarrollada por Cocinero C\u00e9sar Cano<\/strong><\/p>\n<p class=\"\" style=\"white-space:pre-wrap;\">&nbsp;<\/p>\n<p class=\"\" style=\"white-space:pre-wrap;\">QUE HAY EN LA BOLSA<\/p>\n<p class=\"\" style=\"white-space:pre-wrap;\"><strong>Nuestra granja, Finca Tres Robles, no es un supermercado. No obtenemos frutas de M\u00e9xico, China o Chile. Todo lo que recibe en esta caja proviene de la tierra en nuestros campos aqu\u00ed en el barrio o de unos de nuestros amigos agricultores en el \u00e1rea.<\/strong><\/p>\n<p class=\"\" style=\"white-space:pre-wrap;\"><strong>Comer y cocinar platos nuevos con ingredientes frescos no es f\u00e1cil, por lo que cada semana se proporciona una receta para ayudarle a encontrar formas de usar lo que obtiene de su parte. Cuando sentimos curiosidad acerca de c\u00f3mo usar nuevos ingredientes frescos, asumimos el desaf\u00edo de aprender a hacer cosas que quiz\u00e1s nunca antes hab\u00edamos hecho y comenzamos a adquirir nuevas habilidades. Gracias por comer verduras nuevas y aceptar el desaf\u00edo de llevarlas a las comidas de su hogar.<\/strong><\/p>\n<p class=\"\" data-rte-preserve-empty=\"true\" style=\"white-space:pre-wrap;\">\n<p class=\"\" style=\"white-space:pre-wrap;\">R\u00facula<\/p>\n<p class=\"\" style=\"white-space:pre-wrap;\">Esta hoja es un poquito picosa como la pimienta negra. Es perfecta para una ensalada mixta. Me gusta poner en pizzas, tacos y s\u00e1ndwiches. Est\u00e1 incluido en la \u201cEnsalada de Sand\u00eda y Nopal\u201d receta abajo.<\/p>\n<p class=\"\" style=\"white-space:pre-wrap;\">Nopal<\/p>\n<p class=\"\" style=\"white-space:pre-wrap;\">De nuestra graja, me gusta preparar la reciente de la semana: \u201cEnsalada de Sand\u00eda y Nopal\u201d<\/p>\n<p class=\"\" style=\"white-space:pre-wrap;\">Hojas de Camote<\/p>\n<p class=\"\" style=\"white-space:pre-wrap;\">Mira a la receta de la semana: \u201cTostada de Aguacate con Hojas de Camote Salteadas\u201d<\/p>\n<p class=\"\" style=\"white-space:pre-wrap;\">papas rojas<\/p>\n<p class=\"\" style=\"white-space:pre-wrap;\"><\/p>\n<p class=\"\" style=\"white-space:pre-wrap;\"> &nbsp; &nbsp; Albahaca Santa<\/p>\n<p class=\"\" style=\"white-space:pre-wrap;\">Este tipo de albahaca es de India y se llama tulsi o albahaca santa. Tiene muchos beneficios medicinales y prefiere utilizar en un t\u00e9 o un agua de tulsi. Tiene un olor muy dulce. Se puede cocinar tambi\u00e9n.<\/p>\n<p class=\"\" style=\"white-space:pre-wrap;\">Calabacita<\/p>\n<p class=\"\" style=\"white-space:pre-wrap;\"><\/p>\n<p class=\"\" style=\"white-space:pre-wrap;\">Sand\u00eda<\/p>\n<p class=\"\" style=\"white-space:pre-wrap;\">Viene de una granja en Hempstead.<\/p>\n<p class=\"\" style=\"white-space:pre-wrap;\">Berenjena<\/p>\n<p class=\"\" style=\"white-space:pre-wrap;\"><\/p>\n<p class=\"\" style=\"white-space:pre-wrap;\">Okra<\/p>\n<p class=\"\" style=\"white-space:pre-wrap;\"><\/p>\n<p class=\"\" style=\"white-space:pre-wrap;\">Estas plantas de okra se producen hasta el invierno. Aun tanta lluvia no las mata.<\/p>\n<p class=\"\" style=\"white-space:pre-wrap;\">pepino<\/p>\n<p class=\"\" style=\"white-space:pre-wrap;\">\u00a1Estamos agradecidos que todav\u00eda hay pepinos!.&nbsp;<\/p>\n<p style=\"text-align:center;white-space:pre-wrap;\" class=\"\">&nbsp;<\/p>\n<p class=\"\" style=\"white-space:pre-wrap;\"><strong>\u00a1Gracias por traer nuestras verduras a su hogar!<\/strong><\/p>\n<h3 style=\"text-align:center;white-space:pre-wrap;\"><strong>Ensalada de Sand\u00eda y Nopal<\/strong><\/h3>\n<p class=\"\" style=\"white-space:pre-wrap;\"><strong>Preparaci\u00f3n: 20 minutos \/ Porciones: 4<\/strong><\/p>\n<p class=\"\" style=\"white-space:pre-wrap;\"><span style=\"text-decoration:underline\"><strong><em>Ingredientes<\/em><\/strong><\/span><strong>:<\/strong><\/p>\n<p class=\"\" style=\"white-space:pre-wrap;\"><strong>Nopales cortados en cuadros de \u00bc de pulgada<\/strong><\/p>\n<p class=\"\" style=\"white-space:pre-wrap;\"><strong>Sand\u00eda cortada en cuadros de \u00bc de pulgada<\/strong><\/p>\n<p class=\"\" style=\"white-space:pre-wrap;\"><strong>1 pepino cortado en medias lunas<\/strong><\/p>\n<p class=\"\" style=\"white-space:pre-wrap;\"><strong>1 racimo de r\u00facula<\/strong><\/p>\n<p class=\"\" style=\"white-space:pre-wrap;\"><strong>3-4 hojas de albahaca<\/strong><\/p>\n<p class=\"\" style=\"white-space:pre-wrap;\"><span style=\"text-decoration:underline\"><strong>Aderezo<\/strong><\/span><strong>:<\/strong><\/p>\n<p class=\"\" style=\"white-space:pre-wrap;\"><strong>2 onzas de jugo de lim\u00f3n verde<\/strong><\/p>\n<p class=\"\" style=\"white-space:pre-wrap;\"><strong>4 onzas de aceite<\/strong><\/p>\n<p class=\"\" style=\"white-space:pre-wrap;\"><strong>\u00bd onza de miel<\/strong><\/p>\n<p class=\"\" style=\"white-space:pre-wrap;\"><strong>\u00bc cucharada de mostaza<\/strong><\/p>\n<p class=\"\" style=\"white-space:pre-wrap;\"><strong>\u00bc cucharada de chile molido<\/strong><\/p>\n<p class=\"\" style=\"white-space:pre-wrap;\"><strong>sal al gusto<\/strong><\/p>\n<p class=\"\" style=\"white-space:pre-wrap;\">&nbsp;<\/p>\n<p class=\"\" style=\"white-space:pre-wrap;\"><strong>Direcciones:<\/strong><\/p>\n<ol data-rte-list=\"default\">\n<li>\n<p class=\"\" style=\"white-space:pre-wrap;\"><strong>En un taz\u00f3n hondo mezcle el pepino, la sand\u00eda y el nopal con sal al gusto.<\/strong><\/p>\n<\/li>\n<li>\n<p class=\"\" style=\"white-space:pre-wrap;\"><strong>En otro taz\u00f3n hondo ponga el jugo de lim\u00f3n, la miel, la mostaza y el chile molido. Empezar a batir con un batidor de mano y agregar el aceite poco a poco hasta que se haga una emulsi\u00f3n con los dem\u00e1s ingredientes.<\/strong><\/p>\n<\/li>\n<li>\n<p class=\"\" style=\"white-space:pre-wrap;\"><strong>Agregue Aderezo a las frutas, ajuste la con sal y ponga en un recipiente para servir.<\/strong><\/p>\n<\/li>\n<li>\n<p class=\"\" style=\"white-space:pre-wrap;\"><strong>En el mismo recipiente donde estaba la fruta ponga el racimo de r\u00facula. Agregue aderezo y ponga sobre la fruta.<\/strong><\/p>\n<\/li>\n<\/ol>\n<p style=\"margin-left:40px;white-space:pre-wrap;\" class=\"\"><strong>Receta desarrollada por Cocinero C\u00e9sar Cano<\/strong><\/p>\n<p class=\"\" style=\"white-space:pre-wrap;\"><\/p>\n<\/div>","protected":false},"excerpt":{"rendered":"<h3 style=\"text-align:center;\"><strong>Tostada de Aguacate con Hojas de Camote Salteadas<\/strong><\/h3>","protected":false},"author":1,"featured_media":0,"comment_status":"closed","ping_status":"open","sticky":false,"template":"","format":"standard","meta":{"_et_pb_use_builder":"","_et_pb_old_content":"","_et_gb_content_width":"","_monsterinsights_skip_tracking":false,"_monsterinsights_sitenote_active":false,"_monsterinsights_sitenote_note":"","_monsterinsights_sitenote_category":0,"_jetpack_memberships_contains_paid_content":false,"footnotes":""},"categories":[18],"tags":[],"class_list":["post-770","post","type-post","status-publish","format-standard","hentry","category-news"],"yoast_head":"<!-- This site is optimized with the Yoast SEO plugin v27.4 - https:\/\/yoast.com\/product\/yoast-seo-wordpress\/ -->\n<title>Recetas de Cesar Cano - Small Places<\/title>\n<meta name=\"robots\" content=\"index, follow, max-snippet:-1, max-image-preview:large, max-video-preview:-1\" \/>\n<link rel=\"canonical\" href=\"https:\/\/smallplaces.org\/es\/blog\/770\/\" \/>\n<meta property=\"og:locale\" content=\"es_MX\" \/>\n<meta property=\"og:type\" content=\"article\" \/>\n<meta property=\"og:title\" content=\"Recetas de Cesar Cano - Small Places\" \/>\n<meta property=\"og:description\" content=\"Tostada de Aguacate con Hojas de Camote Salteadas\" \/>\n<meta property=\"og:url\" content=\"https:\/\/smallplaces.org\/es\/blog\/770\/\" \/>\n<meta property=\"og:site_name\" content=\"Small Places\" \/>\n<meta property=\"article:published_time\" content=\"2021-09-27T17:06:30+00:00\" \/>\n<meta name=\"author\" content=\"Small Places Staff\" \/>\n<meta name=\"twitter:card\" content=\"summary_large_image\" \/>\n<meta name=\"twitter:label1\" content=\"Escrito por\" \/>\n\t<meta name=\"twitter:data1\" content=\"Small Places Staff\" \/>\n\t<meta name=\"twitter:label2\" content=\"Tiempo de lectura\" \/>\n\t<meta name=\"twitter:data2\" content=\"3 minutos\" \/>\n<script type=\"application\/ld+json\" class=\"yoast-schema-graph\">{\"@context\":\"https:\\\/\\\/schema.org\",\"@graph\":[{\"@type\":\"Article\",\"@id\":\"https:\\\/\\\/smallplaces.org\\\/blog\\\/770\\\/#article\",\"isPartOf\":{\"@id\":\"https:\\\/\\\/smallplaces.org\\\/blog\\\/770\\\/\"},\"author\":{\"name\":\"Small Places Staff\",\"@id\":\"https:\\\/\\\/smallplaces.org\\\/#\\\/schema\\\/person\\\/9f39585b577481769ec48734a302effc\"},\"headline\":\"Recetas de Cesar Cano\",\"datePublished\":\"2021-09-27T17:06:30+00:00\",\"mainEntityOfPage\":{\"@id\":\"https:\\\/\\\/smallplaces.org\\\/blog\\\/770\\\/\"},\"wordCount\":653,\"publisher\":{\"@id\":\"https:\\\/\\\/smallplaces.org\\\/#organization\"},\"articleSection\":[\"News\"],\"inLanguage\":\"es\"},{\"@type\":\"WebPage\",\"@id\":\"https:\\\/\\\/smallplaces.org\\\/blog\\\/770\\\/\",\"url\":\"https:\\\/\\\/smallplaces.org\\\/blog\\\/770\\\/\",\"name\":\"Recetas de Cesar Cano - Small Places\",\"isPartOf\":{\"@id\":\"https:\\\/\\\/smallplaces.org\\\/#website\"},\"datePublished\":\"2021-09-27T17:06:30+00:00\",\"breadcrumb\":{\"@id\":\"https:\\\/\\\/smallplaces.org\\\/blog\\\/770\\\/#breadcrumb\"},\"inLanguage\":\"es\",\"potentialAction\":[{\"@type\":\"ReadAction\",\"target\":[\"https:\\\/\\\/smallplaces.org\\\/blog\\\/770\\\/\"]}]},{\"@type\":\"BreadcrumbList\",\"@id\":\"https:\\\/\\\/smallplaces.org\\\/blog\\\/770\\\/#breadcrumb\",\"itemListElement\":[{\"@type\":\"ListItem\",\"position\":1,\"name\":\"Home\",\"item\":\"https:\\\/\\\/smallplaces.org\\\/\"},{\"@type\":\"ListItem\",\"position\":2,\"name\":\"Recetas de Cesar Cano\"}]},{\"@type\":\"WebSite\",\"@id\":\"https:\\\/\\\/smallplaces.org\\\/#website\",\"url\":\"https:\\\/\\\/smallplaces.org\\\/\",\"name\":\"Small Places\",\"description\":\"Small places matter.\",\"publisher\":{\"@id\":\"https:\\\/\\\/smallplaces.org\\\/#organization\"},\"potentialAction\":[{\"@type\":\"SearchAction\",\"target\":{\"@type\":\"EntryPoint\",\"urlTemplate\":\"https:\\\/\\\/smallplaces.org\\\/?s={search_term_string}\"},\"query-input\":{\"@type\":\"PropertyValueSpecification\",\"valueRequired\":true,\"valueName\":\"search_term_string\"}}],\"inLanguage\":\"es\"},{\"@type\":\"Organization\",\"@id\":\"https:\\\/\\\/smallplaces.org\\\/#organization\",\"name\":\"Small Places\",\"url\":\"https:\\\/\\\/smallplaces.org\\\/\",\"logo\":{\"@type\":\"ImageObject\",\"inLanguage\":\"es\",\"@id\":\"https:\\\/\\\/smallplaces.org\\\/#\\\/schema\\\/logo\\\/image\\\/\",\"url\":\"https:\\\/\\\/smallplaces.wpengine.com\\\/wp-content\\\/uploads\\\/2022\\\/07\\\/Logo-RefreshMockups-Horizontal.png\",\"contentUrl\":\"https:\\\/\\\/smallplaces.wpengine.com\\\/wp-content\\\/uploads\\\/2022\\\/07\\\/Logo-RefreshMockups-Horizontal.png\",\"width\":594,\"height\":224,\"caption\":\"Small Places\"},\"image\":{\"@id\":\"https:\\\/\\\/smallplaces.org\\\/#\\\/schema\\\/logo\\\/image\\\/\"}},{\"@type\":\"Person\",\"@id\":\"https:\\\/\\\/smallplaces.org\\\/#\\\/schema\\\/person\\\/9f39585b577481769ec48734a302effc\",\"name\":\"Small Places Staff\",\"image\":{\"@type\":\"ImageObject\",\"inLanguage\":\"es\",\"@id\":\"https:\\\/\\\/secure.gravatar.com\\\/avatar\\\/eec16c97558ff629a25092475682934fe9bced1766bec32de1fe50d710d3049e?s=96&d=mm&r=g\",\"url\":\"https:\\\/\\\/secure.gravatar.com\\\/avatar\\\/eec16c97558ff629a25092475682934fe9bced1766bec32de1fe50d710d3049e?s=96&d=mm&r=g\",\"contentUrl\":\"https:\\\/\\\/secure.gravatar.com\\\/avatar\\\/eec16c97558ff629a25092475682934fe9bced1766bec32de1fe50d710d3049e?s=96&d=mm&r=g\",\"caption\":\"Small Places Staff\"},\"sameAs\":[\"https:\\\/\\\/smallplaces.wpengine.com\"],\"url\":\"http:\\\/\\\/smallplaces.org\\\/es\\\/blog\\\/author\\\/smallplaces\\\/\"}]}<\/script>\n<!-- \/ Yoast SEO plugin. -->","yoast_head_json":{"title":"Recetas de Cesar Cano - Small Places","robots":{"index":"index","follow":"follow","max-snippet":"max-snippet:-1","max-image-preview":"max-image-preview:large","max-video-preview":"max-video-preview:-1"},"canonical":"https:\/\/smallplaces.org\/es\/blog\/770\/","og_locale":"es_MX","og_type":"article","og_title":"Recetas de Cesar Cano - Small Places","og_description":"Tostada de Aguacate con Hojas de Camote Salteadas","og_url":"https:\/\/smallplaces.org\/es\/blog\/770\/","og_site_name":"Small Places","article_published_time":"2021-09-27T17:06:30+00:00","author":"Small Places Staff","twitter_card":"summary_large_image","twitter_misc":{"Escrito por":"Small Places Staff","Tiempo de lectura":"3 minutos"},"schema":{"@context":"https:\/\/schema.org","@graph":[{"@type":"Article","@id":"https:\/\/smallplaces.org\/blog\/770\/#article","isPartOf":{"@id":"https:\/\/smallplaces.org\/blog\/770\/"},"author":{"name":"Small Places Staff","@id":"https:\/\/smallplaces.org\/#\/schema\/person\/9f39585b577481769ec48734a302effc"},"headline":"Recetas de Cesar Cano","datePublished":"2021-09-27T17:06:30+00:00","mainEntityOfPage":{"@id":"https:\/\/smallplaces.org\/blog\/770\/"},"wordCount":653,"publisher":{"@id":"https:\/\/smallplaces.org\/#organization"},"articleSection":["News"],"inLanguage":"es"},{"@type":"WebPage","@id":"https:\/\/smallplaces.org\/blog\/770\/","url":"https:\/\/smallplaces.org\/blog\/770\/","name":"Recetas de Cesar Cano - Small Places","isPartOf":{"@id":"https:\/\/smallplaces.org\/#website"},"datePublished":"2021-09-27T17:06:30+00:00","breadcrumb":{"@id":"https:\/\/smallplaces.org\/blog\/770\/#breadcrumb"},"inLanguage":"es","potentialAction":[{"@type":"ReadAction","target":["https:\/\/smallplaces.org\/blog\/770\/"]}]},{"@type":"BreadcrumbList","@id":"https:\/\/smallplaces.org\/blog\/770\/#breadcrumb","itemListElement":[{"@type":"ListItem","position":1,"name":"Home","item":"https:\/\/smallplaces.org\/"},{"@type":"ListItem","position":2,"name":"Recetas de Cesar Cano"}]},{"@type":"WebSite","@id":"https:\/\/smallplaces.org\/#website","url":"https:\/\/smallplaces.org\/","name":"Lugares peque\u00f1os","description":"Los lugares peque\u00f1os importan.","publisher":{"@id":"https:\/\/smallplaces.org\/#organization"},"potentialAction":[{"@type":"SearchAction","target":{"@type":"EntryPoint","urlTemplate":"https:\/\/smallplaces.org\/?s={search_term_string}"},"query-input":{"@type":"PropertyValueSpecification","valueRequired":true,"valueName":"search_term_string"}}],"inLanguage":"es"},{"@type":"Organization","@id":"https:\/\/smallplaces.org\/#organization","name":"Lugares peque\u00f1os","url":"https:\/\/smallplaces.org\/","logo":{"@type":"ImageObject","inLanguage":"es","@id":"https:\/\/smallplaces.org\/#\/schema\/logo\/image\/","url":"https:\/\/smallplaces.wpengine.com\/wp-content\/uploads\/2022\/07\/Logo-RefreshMockups-Horizontal.png","contentUrl":"https:\/\/smallplaces.wpengine.com\/wp-content\/uploads\/2022\/07\/Logo-RefreshMockups-Horizontal.png","width":594,"height":224,"caption":"Small Places"},"image":{"@id":"https:\/\/smallplaces.org\/#\/schema\/logo\/image\/"}},{"@type":"Person","@id":"https:\/\/smallplaces.org\/#\/schema\/person\/9f39585b577481769ec48734a302effc","name":"Personal de lugares peque\u00f1os","image":{"@type":"ImageObject","inLanguage":"es","@id":"https:\/\/secure.gravatar.com\/avatar\/eec16c97558ff629a25092475682934fe9bced1766bec32de1fe50d710d3049e?s=96&d=mm&r=g","url":"https:\/\/secure.gravatar.com\/avatar\/eec16c97558ff629a25092475682934fe9bced1766bec32de1fe50d710d3049e?s=96&d=mm&r=g","contentUrl":"https:\/\/secure.gravatar.com\/avatar\/eec16c97558ff629a25092475682934fe9bced1766bec32de1fe50d710d3049e?s=96&d=mm&r=g","caption":"Small Places Staff"},"sameAs":["https:\/\/smallplaces.wpengine.com"],"url":"http:\/\/smallplaces.org\/es\/blog\/author\/smallplaces\/"}]}},"featured_image_src":null,"featured_image_src_square":null,"author_info":{"display_name":"Small Places Staff","author_link":"http:\/\/smallplaces.org\/es\/blog\/author\/smallplaces\/"},"jetpack_featured_media_url":"","jetpack_sharing_enabled":true,"_links":{"self":[{"href":"http:\/\/smallplaces.org\/es\/wp-json\/wp\/v2\/posts\/770","targetHints":{"allow":["GET"]}}],"collection":[{"href":"http:\/\/smallplaces.org\/es\/wp-json\/wp\/v2\/posts"}],"about":[{"href":"http:\/\/smallplaces.org\/es\/wp-json\/wp\/v2\/types\/post"}],"author":[{"embeddable":true,"href":"http:\/\/smallplaces.org\/es\/wp-json\/wp\/v2\/users\/1"}],"replies":[{"embeddable":true,"href":"http:\/\/smallplaces.org\/es\/wp-json\/wp\/v2\/comments?post=770"}],"version-history":[{"count":0,"href":"http:\/\/smallplaces.org\/es\/wp-json\/wp\/v2\/posts\/770\/revisions"}],"wp:attachment":[{"href":"http:\/\/smallplaces.org\/es\/wp-json\/wp\/v2\/media?parent=770"}],"wp:term":[{"taxonomy":"category","embeddable":true,"href":"http:\/\/smallplaces.org\/es\/wp-json\/wp\/v2\/categories?post=770"},{"taxonomy":"post_tag","embeddable":true,"href":"http:\/\/smallplaces.org\/es\/wp-json\/wp\/v2\/tags?post=770"}],"curies":[{"name":"wp","href":"https:\/\/api.w.org\/{rel}","templated":true}]}}